{"id":891,"date":"2020-04-28T07:03:35","date_gmt":"2020-04-28T07:03:35","guid":{"rendered":"http:\/\/www.kasolomouc.cz\/?p=891"},"modified":"2020-05-14T07:33:57","modified_gmt":"2020-05-14T07:33:57","slug":"spolu-na-startu","status":"publish","type":"post","link":"https:\/\/www.kasolomouc.cz\/index.php\/2020\/04\/28\/spolu-na-startu\/","title":{"rendered":"Spolu na startu!"},"content":{"rendered":"<p style=\"text-align: justify;\">Na Den d\u011bt\u00ed v pond\u011bl\u00ed 1. \u010dervna 2020 se p\u0159ipravuje celorepublikov\u00fd projekt Spolu na startu.\u00a0C\u00edlem tohoto projektu je zah\u00e1jit z\u00e1vodn\u00ed atletickou sez\u00f3nu nap\u0159\u00ed\u010d celou republikou, uspo\u0159\u00e1dat maxim\u00e1ln\u00ed mno\u017estv\u00ed atletick\u00fdch z\u00e1vod\u016f najednou a umo\u017enit tak kone\u010dn\u011b na\u0161im atlet\u016fm z\u00e1vod\u011bn\u00ed. Samoz\u0159ejm\u011b se bude jednat zejm\u00e9na o v\u00fdraznou promo akci s mezin\u00e1rodn\u00edm p\u0159esahem.\u00a0V\u00a0r\u00e1mci projektu Spolu na startu se propoj\u00ed z\u00e1vody nap\u0159\u00ed\u010d republikou alespo\u0148 virtu\u00e1ln\u011b, pomoc\u00ed soci\u00e1ln\u00edch s\u00edt\u00ed, vide\u00ed, fotografi\u00ed ze z\u00e1vod\u016f a podobn\u011b. Atletick\u00e9 kluby a odd\u00edly Krajsk\u00e9ho atletick\u00e9ho svazu Olomouc u toho samoz\u0159ejm\u011b nemohou chyb\u011bt&#8230;<!--more--><\/p>\n<p>Aktu\u00e1ln\u011b je ji\u017e potvrzeno, \u017ee z\u00e1vody v Olomouck\u00e9m kraji prob\u011bhnou v t\u011bchto klubech:<\/p>\n<p>Atletick\u00fd klub Olomouc<\/p>\n<p>Atletick\u00e9 p\u0159\u00edpravky Olomouc<\/p>\n<p>TJ \u0160umperk<\/p>\n<p>TJ Uni\u010dov<\/p>\n<p>SK P\u0159erov 1906<\/p>\n<p>Atletick\u00fd klub Prost\u011bjov<\/p>\n<p>SK Hranice<\/p>\n<p>Atletika R\u00fdma\u0159ov<\/p>\n<p>Atletika Z\u00e1b\u0159eh<\/p>\n<p>TJ Sokol Nov\u00e1 Hrade\u010dn\u00e1<\/p>\n<p>AK \u0160ternberk<\/p>\n<p><img loading=\"lazy\" decoding=\"async\" class=\"aligncenter size-large wp-image-912\" src=\"http:\/\/www.kasolomouc.cz\/wp-content\/uploads\/2020\/04\/spolu-na-startu_2radky_barva-1-1024x560.jpg\" alt=\"\" width=\"1024\" height=\"560\" srcset=\"https:\/\/www.kasolomouc.cz\/wp-content\/uploads\/2020\/04\/spolu-na-startu_2radky_barva-1-1024x560.jpg 1024w, https:\/\/www.kasolomouc.cz\/wp-content\/uploads\/2020\/04\/spolu-na-startu_2radky_barva-1-300x164.jpg 300w, https:\/\/www.kasolomouc.cz\/wp-content\/uploads\/2020\/04\/spolu-na-startu_2radky_barva-1-768x420.jpg 768w, https:\/\/www.kasolomouc.cz\/wp-content\/uploads\/2020\/04\/spolu-na-startu_2radky_barva-1.jpg 1236w\" sizes=\"auto, (max-width: 1024px) 100vw, 1024px\" \/><\/p>\n<p>#SpoluNaStartu<\/p>\n<p><a href=\"https:\/\/www.atletika.cz\/aktuality\/spolu-na-startu\/\">\u010cl\u00e1nek z webu Atletika.cz s rozhovorem s p\u0159edsedou \u010cAS Liborem Varhan\u00edkem.<\/a><\/p>\n<p>&nbsp;<\/p>\n<p>T\u011b\u0161\u00edme se na zah\u00e1jen\u00ed z\u00e1vodn\u00ed atletick\u00e9 sez\u00f3ny na dr\u00e1ze 2020.<\/p>\n","protected":false},"excerpt":{"rendered":"<p>Na Den d\u011bt\u00ed v pond\u011bl\u00ed 1. \u010dervna 2020 se p\u0159ipravuje celorepublikov\u00fd projekt Spolu na startu.\u00a0C\u00edlem tohoto projektu je zah\u00e1jit z\u00e1vodn\u00ed atletickou sez\u00f3nu nap\u0159\u00ed\u010d celou republikou, uspo\u0159\u00e1dat maxim\u00e1ln\u00ed mno\u017estv\u00ed atletick\u00fdch z\u00e1vod\u016f najednou a umo\u017enit tak kone\u010dn\u011b na\u0161im atlet\u016fm z\u00e1vod\u011bn\u00ed. Samoz\u0159ejm\u011b se bude jednat zejm\u00e9na o v\u00fdraznou promo akci s mezin\u00e1rodn\u00edm p\u0159esahem.\u00a0V\u00a0r\u00e1mci projektu Spolu na startu se <a href=\"https:\/\/www.kasolomouc.cz\/index.php\/2020\/04\/28\/spolu-na-startu\/\" class=\"more-link\">[&hellip;]<\/a><\/p>\n","protected":false},"author":3,"featured_media":911,"comment_status":"closed","ping_status":"closed","sticky":false,"template":"","format":"standard","meta":{"footnotes":""},"categories":[1],"tags":[],"class_list":["entry","author-robert","has-more-link","post-891","post","type-post","status-publish","format-standard","has-post-thumbnail","category-aktualne"],"_links":{"self":[{"href":"https:\/\/www.kasolomouc.cz\/index.php\/wp-json\/wp\/v2\/posts\/891","targetHints":{"allow":["GET"]}}],"collection":[{"href":"https:\/\/www.kasolomouc.cz\/index.php\/wp-json\/wp\/v2\/posts"}],"about":[{"href":"https:\/\/www.kasolomouc.cz\/index.php\/wp-json\/wp\/v2\/types\/post"}],"author":[{"embeddable":true,"href":"https:\/\/www.kasolomouc.cz\/index.php\/wp-json\/wp\/v2\/users\/3"}],"replies":[{"embeddable":true,"href":"https:\/\/www.kasolomouc.cz\/index.php\/wp-json\/wp\/v2\/comments?post=891"}],"version-history":[{"count":5,"href":"https:\/\/www.kasolomouc.cz\/index.php\/wp-json\/wp\/v2\/posts\/891\/revisions"}],"predecessor-version":[{"id":913,"href":"https:\/\/www.kasolomouc.cz\/index.php\/wp-json\/wp\/v2\/posts\/891\/revisions\/913"}],"wp:featuredmedia":[{"embeddable":true,"href":"https:\/\/www.kasolomouc.cz\/index.php\/wp-json\/wp\/v2\/media\/911"}],"wp:attachment":[{"href":"https:\/\/www.kasolomouc.cz\/index.php\/wp-json\/wp\/v2\/media?parent=891"}],"wp:term":[{"taxonomy":"category","embeddable":true,"href":"https:\/\/www.kasolomouc.cz\/index.php\/wp-json\/wp\/v2\/categories?post=891"},{"taxonomy":"post_tag","embeddable":true,"href":"https:\/\/www.kasolomouc.cz\/index.php\/wp-json\/wp\/v2\/tags?post=891"}],"curies":[{"name":"wp","href":"https:\/\/api.w.org\/{rel}","templated":true}]}}