{"id":883,"date":"2020-04-22T06:38:21","date_gmt":"2020-04-22T06:38:21","guid":{"rendered":"http:\/\/www.kasolomouc.cz\/?p=883"},"modified":"2020-04-22T09:55:18","modified_gmt":"2020-04-22T09:55:18","slug":"zemrel-miroslav-hrabal","status":"publish","type":"post","link":"https:\/\/www.kasolomouc.cz\/index.php\/2020\/04\/22\/zemrel-miroslav-hrabal\/","title":{"rendered":"Zem\u0159el Miroslav Hrabal"},"content":{"rendered":"<h5>Dne 21. 4. 2020 nedob\u011bhl sv\u016fj posledn\u00ed z\u00e1vod Mirek Hrabal, atlet du\u0161\u00ed i srdcem a skv\u011bl\u00fd \u010dlov\u011bk, kter\u00fd cel\u00fd sv\u016fj \u017eivot zasv\u011btil atletice. Zem\u0159el po kr\u00e1tk\u00e9 nemoci ve v\u011bku nedo\u017eit\u00fdch 69 let &#8230;<\/h5>\n<p><!--more--><\/p>\n<h5 style=\"text-align: justify;\">Dlouholet\u00fd p\u0159edseda krajsk\u00e9ho atletick\u00e9ho svazu a \u010destn\u00fd \u010dlen \u010cesk\u00e9ho atletick\u00e9ho svazu byl pil\u00ed\u0159em atletiky v Olomouci i olomouck\u00e9m kraji a jeho bohat\u00e9\u00a0 atletick\u00e9 zku\u0161enosti a v\u011b\u010dn\u00fd optimismus n\u00e1m v\u0161em budou chyb\u011bt.<\/h5>\n<p>Posledn\u00ed rozlou\u010den\u00ed s Miroslavem Hrabalem prob\u011bhne v \u00fater\u00fd 28.4.2020 v 11:20 v olomouck\u00e9m krematoriu.<\/p>\n<h5>S bolest\u00ed v srdci, rodina a v\u0161ichni \u010dlenov\u00e9 AK Olomouc<\/h5>\n<p><img loading=\"lazy\" decoding=\"async\" class=\"aligncenter size-full wp-image-884\" src=\"http:\/\/www.kasolomouc.cz\/wp-content\/uploads\/2020\/04\/94380080_3161381087215511_4442867247911796736_n.jpg\" alt=\"\" width=\"726\" height=\"877\" srcset=\"https:\/\/www.kasolomouc.cz\/wp-content\/uploads\/2020\/04\/94380080_3161381087215511_4442867247911796736_n.jpg 726w, https:\/\/www.kasolomouc.cz\/wp-content\/uploads\/2020\/04\/94380080_3161381087215511_4442867247911796736_n-248x300.jpg 248w\" sizes=\"auto, (max-width: 726px) 100vw, 726px\" \/><\/p>\n","protected":false},"excerpt":{"rendered":"<p>Dne 21. 4. 2020 nedob\u011bhl sv\u016fj posledn\u00ed z\u00e1vod Mirek Hrabal, atlet du\u0161\u00ed i srdcem a skv\u011bl\u00fd \u010dlov\u011bk, kter\u00fd cel\u00fd sv\u016fj \u017eivot zasv\u011btil atletice. Zem\u0159el po kr\u00e1tk\u00e9 nemoci ve v\u011bku nedo\u017eit\u00fdch 69 let &#8230;<\/p>\n","protected":false},"author":3,"featured_media":884,"comment_status":"closed","ping_status":"closed","sticky":false,"template":"","format":"standard","meta":{"footnotes":""},"categories":[1],"tags":[],"class_list":["entry","author-robert","has-more-link","post-883","post","type-post","status-publish","format-standard","has-post-thumbnail","category-aktualne"],"_links":{"self":[{"href":"https:\/\/www.kasolomouc.cz\/index.php\/wp-json\/wp\/v2\/posts\/883","targetHints":{"allow":["GET"]}}],"collection":[{"href":"https:\/\/www.kasolomouc.cz\/index.php\/wp-json\/wp\/v2\/posts"}],"about":[{"href":"https:\/\/www.kasolomouc.cz\/index.php\/wp-json\/wp\/v2\/types\/post"}],"author":[{"embeddable":true,"href":"https:\/\/www.kasolomouc.cz\/index.php\/wp-json\/wp\/v2\/users\/3"}],"replies":[{"embeddable":true,"href":"https:\/\/www.kasolomouc.cz\/index.php\/wp-json\/wp\/v2\/comments?post=883"}],"version-history":[{"count":5,"href":"https:\/\/www.kasolomouc.cz\/index.php\/wp-json\/wp\/v2\/posts\/883\/revisions"}],"predecessor-version":[{"id":889,"href":"https:\/\/www.kasolomouc.cz\/index.php\/wp-json\/wp\/v2\/posts\/883\/revisions\/889"}],"wp:featuredmedia":[{"embeddable":true,"href":"https:\/\/www.kasolomouc.cz\/index.php\/wp-json\/wp\/v2\/media\/884"}],"wp:attachment":[{"href":"https:\/\/www.kasolomouc.cz\/index.php\/wp-json\/wp\/v2\/media?parent=883"}],"wp:term":[{"taxonomy":"category","embeddable":true,"href":"https:\/\/www.kasolomouc.cz\/index.php\/wp-json\/wp\/v2\/categories?post=883"},{"taxonomy":"post_tag","embeddable":true,"href":"https:\/\/www.kasolomouc.cz\/index.php\/wp-json\/wp\/v2\/tags?post=883"}],"curies":[{"name":"wp","href":"https:\/\/api.w.org\/{rel}","templated":true}]}}