{"id":503,"date":"2019-03-25T13:17:02","date_gmt":"2019-03-25T13:17:02","guid":{"rendered":"http:\/\/www.kasolomouc.cz\/?p=503"},"modified":"2019-03-25T13:17:14","modified_gmt":"2019-03-25T13:17:14","slug":"uspesne-vystoupeni-sternberskych-chodkyn-v-dudincich","status":"publish","type":"post","link":"https:\/\/www.kasolomouc.cz\/index.php\/2019\/03\/25\/uspesne-vystoupeni-sternberskych-chodkyn-v-dudincich\/","title":{"rendered":"\u00dasp\u011b\u0161n\u00e9 vystoupen\u00ed \u0161ternbersk\u00fdch chodky\u0148 v Dudinc\u00edch"},"content":{"rendered":"<p>Ve slovensk\u00fdch Dudinc\u00edch prob\u011bhl v sobotu 23. 3. 2019 mezin\u00e1rodn\u00ed chodeck\u00fd m\u00edtink, kter\u00e9ho se \u00fa\u010dastnili z\u00e1vodn\u00edc<span class=\"text_exposed_show\">i z 21. zem\u00ed sv\u011bta v kategori\u00edch od dosp\u011bl\u00e1k\u016f a\u017e po nejmlad\u0161\u00ed \u017eactvo. <\/span><!--more--><\/p>\n<p style=\"text-align: justify;\"><span class=\"text_exposed_show\">\u0160ternbersk\u00fd klub reprezentovala Ema Klimentov\u00e1 ve star\u0161\u00edch \u017e\u00e1kyn\u00edch na trati 3 km, kde obsadila celkov\u011b 2. m\u00edsto v \u010dase 15:25 min., co\u017e je jej\u00ed osobn\u00ed rekord a t\u00edmto \u010dasem vede leto\u0161n\u00ed celost\u00e1tn\u00ed tabulky. V kategorii \u017een nastoupila Veronika Jano\u0161\u00edkov\u00e1 na trati 20 km, kde dokon\u010dila na 10. m\u00edst\u011b z 15. z\u00e1vodnic ale utvo\u0159ila si fantastick\u00fd osobn\u00ed rekord 1:58,49 hod. T\u00edmto v\u00fdkonem je tabulkov\u011b \u010deskou druhou nejlep\u0161\u00ed chodkyn\u00ed za \u00fasp\u011b\u0161nou Ane\u017ekou Drahotovou.<br \/>\nD\u011bv\u010data je\u0161t\u011b nyn\u00ed \u010dek\u00e1 soust\u0159ed\u011bn\u00ed v Tatr\u00e1ch a hned po n\u00e1vratu start na mezin\u00e1rodn\u00edm m\u00edtinku, kter\u00fd je sou\u010dasn\u011b Mistrovstv\u00edm \u010cR v ch\u016fzi na 20 km v Pod\u011bbradech.\u00a0<span id=\"u_ps_jsonp_7_0_9\" class=\"_ezo\">Gratulujeme<\/span>\u00a0a p\u0159ejeme hodn\u011b \u00fasp\u011bch\u016f v nadch\u00e1zej\u00edc\u00ed \u010d\u00e1sti sezony.<\/span><\/p>\n<p><span class=\"text_exposed_show\"><br \/>\nV\u00fdsledky:\u00a0<a href=\"https:\/\/l.facebook.com\/l.php?u=https%3A%2F%2Fonline.atletika.cz%2Fupload%2Fdudince%252023.3.2019.pdf%3Ffbclid%3DIwAR3Wx51NuYRYxYyQqGyVZhu5TN7_VdokEC5NDgstg2Z_S8WcNsdE2GMDvD0&amp;h=AT0tF_0YBLGpSkWEPsMzJ9t8hgQbpX3lw2uGsHCAFIFsS6JNJoyZZSpPpKSDxsIBssVpMei7yPfY6k2PDh3dyOcg6kTj0goR_Fxn5g3Xhz7Z-eu-9Atk-sElgqKio8b5jOEmqercG9pBFGwHaBjQdX8Fg1s9IFHB\" target=\"_blank\" rel=\"noopener nofollow\" data-ft=\"{&quot;tn&quot;:&quot;-U&quot;}\" data-lynx-mode=\"asynclazy\">https:\/\/online.atletika.cz\/upload\/dudince%2023.3.2019.pdf<\/a><\/span><\/p>\n<p><span class=\"text_exposed_show\"><br \/>\nFotogalerie za sout\u011b\u017ee:\u00a0<a href=\"https:\/\/l.facebook.com\/l.php?u=https%3A%2F%2Faksternberk.rajce.idnes.cz%2FDudinska_50_2019%3Ffbclid%3DIwAR3YtjITEevFdK76-YwX3uEvplQhPh2sQ2yw642oTbpSp8KnJz6vH2CHtIk&amp;h=AT1siELW5dKLWI0COooWK-blPr4Of0KdSbm5fFSQlf3WVcU2Hnw8falH4zE2a6BnD--bAVtp_0Y3Yu_TWIitQZmvUc8A1aw6UgJP6sRqDaZBQ9LcQ1qGiATu5X4Z2TQ_qcq1fjxqq0o7MrLOv7Q7b9S0hLpnbPUc\" target=\"_blank\" rel=\"noopener nofollow\" data-ft=\"{&quot;tn&quot;:&quot;-U&quot;}\" data-lynx-mode=\"asynclazy\">https:\/\/aksternberk.rajce.idnes.cz\/Dudinska_50_2019<\/a><\/span><\/p>\n","protected":false},"excerpt":{"rendered":"<p>Ve slovensk\u00fdch Dudinc\u00edch prob\u011bhl v sobotu 23. 3. 2019 mezin\u00e1rodn\u00ed chodeck\u00fd m\u00edtink, kter\u00e9ho se \u00fa\u010dastnili z\u00e1vodn\u00edci z 21. zem\u00ed sv\u011bta v kategori\u00edch od dosp\u011bl\u00e1k\u016f a\u017e po nejmlad\u0161\u00ed \u017eactvo.<\/p>\n","protected":false},"author":3,"featured_media":504,"comment_status":"closed","ping_status":"closed","sticky":false,"template":"","format":"standard","meta":{"footnotes":""},"categories":[1],"tags":[],"class_list":["entry","author-robert","has-more-link","post-503","post","type-post","status-publish","format-standard","has-post-thumbnail","category-aktualne"],"_links":{"self":[{"href":"https:\/\/www.kasolomouc.cz\/index.php\/wp-json\/wp\/v2\/posts\/503","targetHints":{"allow":["GET"]}}],"collection":[{"href":"https:\/\/www.kasolomouc.cz\/index.php\/wp-json\/wp\/v2\/posts"}],"about":[{"href":"https:\/\/www.kasolomouc.cz\/index.php\/wp-json\/wp\/v2\/types\/post"}],"author":[{"embeddable":true,"href":"https:\/\/www.kasolomouc.cz\/index.php\/wp-json\/wp\/v2\/users\/3"}],"replies":[{"embeddable":true,"href":"https:\/\/www.kasolomouc.cz\/index.php\/wp-json\/wp\/v2\/comments?post=503"}],"version-history":[{"count":2,"href":"https:\/\/www.kasolomouc.cz\/index.php\/wp-json\/wp\/v2\/posts\/503\/revisions"}],"predecessor-version":[{"id":507,"href":"https:\/\/www.kasolomouc.cz\/index.php\/wp-json\/wp\/v2\/posts\/503\/revisions\/507"}],"wp:featuredmedia":[{"embeddable":true,"href":"https:\/\/www.kasolomouc.cz\/index.php\/wp-json\/wp\/v2\/media\/504"}],"wp:attachment":[{"href":"https:\/\/www.kasolomouc.cz\/index.php\/wp-json\/wp\/v2\/media?parent=503"}],"wp:term":[{"taxonomy":"category","embeddable":true,"href":"https:\/\/www.kasolomouc.cz\/index.php\/wp-json\/wp\/v2\/categories?post=503"},{"taxonomy":"post_tag","embeddable":true,"href":"https:\/\/www.kasolomouc.cz\/index.php\/wp-json\/wp\/v2\/tags?post=503"}],"curies":[{"name":"wp","href":"https:\/\/api.w.org\/{rel}","templated":true}]}}