{"id":471,"date":"2019-02-13T06:47:07","date_gmt":"2019-02-13T06:47:07","guid":{"rendered":"http:\/\/www.kasolomouc.cz\/?p=471"},"modified":"2019-02-13T06:57:14","modified_gmt":"2019-02-13T06:57:14","slug":"sportovec-olomouckeho-kraje-2018","status":"publish","type":"post","link":"https:\/\/www.kasolomouc.cz\/index.php\/2019\/02\/13\/sportovec-olomouckeho-kraje-2018\/","title":{"rendered":"Sportovec Olomouck\u00e9ho kraje 2018"},"content":{"rendered":"<p>V 18. ro\u010dn\u00edku presti\u017en\u00ed ankety Sportovec Olomouck\u00e9ho kraje m\u011bla op\u011bt zastoupen\u00ed tak\u00e9 atletika.\u00a0<!--more--><\/p>\n<p><img loading=\"lazy\" decoding=\"async\" class=\"aligncenter size-large wp-image-472\" src=\"http:\/\/www.kasolomouc.cz\/wp-content\/uploads\/2019\/02\/korgerov\u00e1-1024x683.jpg\" alt=\"\" width=\"1024\" height=\"683\" srcset=\"https:\/\/www.kasolomouc.cz\/wp-content\/uploads\/2019\/02\/korgerov\u00e1-1024x683.jpg 1024w, https:\/\/www.kasolomouc.cz\/wp-content\/uploads\/2019\/02\/korgerov\u00e1-300x200.jpg 300w, https:\/\/www.kasolomouc.cz\/wp-content\/uploads\/2019\/02\/korgerov\u00e1-768x512.jpg 768w, https:\/\/www.kasolomouc.cz\/wp-content\/uploads\/2019\/02\/korgerov\u00e1.jpg 1200w\" sizes=\"auto, (max-width: 1024px) 100vw, 1024px\" \/><\/p>\n<p>Nejlep\u0161\u00ed handicapovanou sportovkyn\u00ed Olomouck\u00e9ho kraje 2018 se stala atletka <strong>Kate\u0159ina Korgerov\u00e1<\/strong> z TJ \u0160umperk. Nejv\u011bt\u0161\u00edm jej\u00edm \u00fasp\u011bchem v roce 2018 byl zisk st\u0159\u00edbrn\u00e9 medaile z b\u011bhu na 100 metr\u016f p\u0159ek\u00e1\u017eek z Mistrovstv\u00ed Evropy junior\u016f nesly\u0161\u00edc\u00edch.<\/p>\n<p>Ocen\u011bn\u00ed za rok 2018 se ud\u011blovala v\u00a0pond\u011bl\u00ed 11. \u00fanora 2019 v r\u00e1mci slavnostn\u00edho ve\u010dera v prost\u011bjovsk\u00e9m m\u011bstsk\u00e9m divadle.<\/p>\n<p>Kompletn\u00ed v\u00fdsledky ankety <a href=\"https:\/\/www.olkraj.cz\/sportovcem-roku-je-parasutista-gecnuk-mezi-tymy-jsou-nejlepsi-volejbalistky-prostejova-aktuality-8672.html\">zde.<\/a><\/p>\n<p>Fotogalerie <a href=\"https:\/\/www.olkraj.cz\/sportovcem-roku-je-parasutista-gecnuk-foto-820.html\">zde.<\/a><\/p>\n<p>Gratulujeme.<\/p>\n","protected":false},"excerpt":{"rendered":"<p>V 18. ro\u010dn\u00edku presti\u017en\u00ed ankety Sportovec Olomouck\u00e9ho kraje m\u011bla op\u011bt zastoupen\u00ed tak\u00e9 atletika.\u00a0<\/p>\n","protected":false},"author":3,"featured_media":472,"comment_status":"closed","ping_status":"closed","sticky":false,"template":"","format":"standard","meta":{"footnotes":""},"categories":[1],"tags":[],"class_list":["entry","author-robert","has-more-link","post-471","post","type-post","status-publish","format-standard","has-post-thumbnail","category-aktualne"],"_links":{"self":[{"href":"https:\/\/www.kasolomouc.cz\/index.php\/wp-json\/wp\/v2\/posts\/471","targetHints":{"allow":["GET"]}}],"collection":[{"href":"https:\/\/www.kasolomouc.cz\/index.php\/wp-json\/wp\/v2\/posts"}],"about":[{"href":"https:\/\/www.kasolomouc.cz\/index.php\/wp-json\/wp\/v2\/types\/post"}],"author":[{"embeddable":true,"href":"https:\/\/www.kasolomouc.cz\/index.php\/wp-json\/wp\/v2\/users\/3"}],"replies":[{"embeddable":true,"href":"https:\/\/www.kasolomouc.cz\/index.php\/wp-json\/wp\/v2\/comments?post=471"}],"version-history":[{"count":3,"href":"https:\/\/www.kasolomouc.cz\/index.php\/wp-json\/wp\/v2\/posts\/471\/revisions"}],"predecessor-version":[{"id":480,"href":"https:\/\/www.kasolomouc.cz\/index.php\/wp-json\/wp\/v2\/posts\/471\/revisions\/480"}],"wp:featuredmedia":[{"embeddable":true,"href":"https:\/\/www.kasolomouc.cz\/index.php\/wp-json\/wp\/v2\/media\/472"}],"wp:attachment":[{"href":"https:\/\/www.kasolomouc.cz\/index.php\/wp-json\/wp\/v2\/media?parent=471"}],"wp:term":[{"taxonomy":"category","embeddable":true,"href":"https:\/\/www.kasolomouc.cz\/index.php\/wp-json\/wp\/v2\/categories?post=471"},{"taxonomy":"post_tag","embeddable":true,"href":"https:\/\/www.kasolomouc.cz\/index.php\/wp-json\/wp\/v2\/tags?post=471"}],"curies":[{"name":"wp","href":"https:\/\/api.w.org\/{rel}","templated":true}]}}