{"id":450,"date":"2019-01-14T07:13:07","date_gmt":"2019-01-14T07:13:07","guid":{"rendered":"http:\/\/www.kasolomouc.cz\/?p=450"},"modified":"2019-01-14T07:18:17","modified_gmt":"2019-01-14T07:18:17","slug":"krajsky-prebor-v-bezich","status":"publish","type":"post","link":"https:\/\/www.kasolomouc.cz\/index.php\/2019\/01\/14\/krajsky-prebor-v-bezich\/","title":{"rendered":"Krajsk\u00fd p\u0159ebor v b\u011bz\u00edch"},"content":{"rendered":"<p>Ve dnech 12. a 13. ledna 2019 se v r\u00e1mci krajsk\u00e9ho p\u0159eboru pro Moravskoslezsk\u00fd kraj konal v Ostravsk\u00e9 hale tak\u00e9 p\u0159ebor Olomouck\u00e9ho kraje v b\u011bz\u00edch nad 150 resp. 200 metr\u016f.\u00a0<!--more--><\/p>\n<p>Vyhodnocen\u00ed Krajsk\u00e9ho p\u0159eboru Olomouck\u00e9ho kraje:<\/p>\n<p><img loading=\"lazy\" decoding=\"async\" class=\"aligncenter size-large wp-image-454\" src=\"http:\/\/www.kasolomouc.cz\/wp-content\/uploads\/2019\/01\/12.1.-1024x548.jpg\" alt=\"\" width=\"1024\" height=\"548\" srcset=\"https:\/\/www.kasolomouc.cz\/wp-content\/uploads\/2019\/01\/12.1.-1024x548.jpg 1024w, https:\/\/www.kasolomouc.cz\/wp-content\/uploads\/2019\/01\/12.1.-300x161.jpg 300w, https:\/\/www.kasolomouc.cz\/wp-content\/uploads\/2019\/01\/12.1.-768x411.jpg 768w, https:\/\/www.kasolomouc.cz\/wp-content\/uploads\/2019\/01\/12.1..jpg 1084w\" sizes=\"auto, (max-width: 1024px) 100vw, 1024px\" \/><\/p>\n<p><img loading=\"lazy\" decoding=\"async\" class=\"aligncenter size-large wp-image-455\" src=\"http:\/\/www.kasolomouc.cz\/wp-content\/uploads\/2019\/01\/13.1.-1024x394.jpg\" alt=\"\" width=\"1024\" height=\"394\" srcset=\"https:\/\/www.kasolomouc.cz\/wp-content\/uploads\/2019\/01\/13.1.-1024x394.jpg 1024w, https:\/\/www.kasolomouc.cz\/wp-content\/uploads\/2019\/01\/13.1.-300x115.jpg 300w, https:\/\/www.kasolomouc.cz\/wp-content\/uploads\/2019\/01\/13.1.-768x295.jpg 768w, https:\/\/www.kasolomouc.cz\/wp-content\/uploads\/2019\/01\/13.1..jpg 1123w\" sizes=\"auto, (max-width: 1024px) 100vw, 1024px\" \/><\/p>\n<p>Blahop\u0159ejeme nej\u00fasp\u011b\u0161n\u011bj\u0161\u00edm z\u00e1vodn\u00edk\u016fm Olomouck\u00e9ho kraje.<\/p>\n<p>Kompletn\u00ed v\u00fdsledky:<\/p>\n<p><a href=\"https:\/\/online.atletika.cz\/vysledky\/36596\/160\">12. 1. 2019<\/a><\/p>\n<p><a href=\"https:\/\/online.atletika.cz\/vysledky\/36595\">13. 1. 2019<\/a><\/p>\n","protected":false},"excerpt":{"rendered":"<p>Ve dnech 12. a 13. ledna 2019 se v r\u00e1mci krajsk\u00e9ho p\u0159eboru pro Moravskoslezsk\u00fd kraj konal v Ostravsk\u00e9 hale tak\u00e9 p\u0159ebor Olomouck\u00e9ho kraje v b\u011bz\u00edch nad 150 resp. 200 metr\u016f.\u00a0<\/p>\n","protected":false},"author":3,"featured_media":451,"comment_status":"closed","ping_status":"closed","sticky":false,"template":"","format":"standard","meta":{"footnotes":""},"categories":[1],"tags":[],"class_list":["entry","author-robert","has-more-link","post-450","post","type-post","status-publish","format-standard","has-post-thumbnail","category-aktualne"],"_links":{"self":[{"href":"https:\/\/www.kasolomouc.cz\/index.php\/wp-json\/wp\/v2\/posts\/450","targetHints":{"allow":["GET"]}}],"collection":[{"href":"https:\/\/www.kasolomouc.cz\/index.php\/wp-json\/wp\/v2\/posts"}],"about":[{"href":"https:\/\/www.kasolomouc.cz\/index.php\/wp-json\/wp\/v2\/types\/post"}],"author":[{"embeddable":true,"href":"https:\/\/www.kasolomouc.cz\/index.php\/wp-json\/wp\/v2\/users\/3"}],"replies":[{"embeddable":true,"href":"https:\/\/www.kasolomouc.cz\/index.php\/wp-json\/wp\/v2\/comments?post=450"}],"version-history":[{"count":3,"href":"https:\/\/www.kasolomouc.cz\/index.php\/wp-json\/wp\/v2\/posts\/450\/revisions"}],"predecessor-version":[{"id":456,"href":"https:\/\/www.kasolomouc.cz\/index.php\/wp-json\/wp\/v2\/posts\/450\/revisions\/456"}],"wp:featuredmedia":[{"embeddable":true,"href":"https:\/\/www.kasolomouc.cz\/index.php\/wp-json\/wp\/v2\/media\/451"}],"wp:attachment":[{"href":"https:\/\/www.kasolomouc.cz\/index.php\/wp-json\/wp\/v2\/media?parent=450"}],"wp:term":[{"taxonomy":"category","embeddable":true,"href":"https:\/\/www.kasolomouc.cz\/index.php\/wp-json\/wp\/v2\/categories?post=450"},{"taxonomy":"post_tag","embeddable":true,"href":"https:\/\/www.kasolomouc.cz\/index.php\/wp-json\/wp\/v2\/tags?post=450"}],"curies":[{"name":"wp","href":"https:\/\/api.w.org\/{rel}","templated":true}]}}