{"id":422,"date":"2018-11-26T06:13:18","date_gmt":"2018-11-26T06:13:18","guid":{"rendered":"http:\/\/www.kasolomouc.cz\/?p=422"},"modified":"2018-11-26T06:13:18","modified_gmt":"2018-11-26T06:13:18","slug":"uspesna-vyprava-na-finale-bezeckeho-poharu-mladeze","status":"publish","type":"post","link":"https:\/\/www.kasolomouc.cz\/index.php\/2018\/11\/26\/uspesna-vyprava-na-finale-bezeckeho-poharu-mladeze\/","title":{"rendered":"\u00dasp\u011b\u0161n\u00e1 v\u00fdprava na Fin\u00e1le b\u011b\u017eeck\u00e9ho poh\u00e1ru ml\u00e1de\u017ee"},"content":{"rendered":"<div class=\"l_d3wsqy8q4 f_d3wsqu4xj clearfix\">\n<div class=\"clearfix z_d3wsqy7n3\">\n<div class=\"clearfix _42ef\">\n<div class=\"n_d3wsqy7n8\">\n<div>\n<div class=\"_6a _5u5j\">\n<div class=\"_6a _5u5j _6b\">\n<div id=\"feed_subtitle_100001218263314:3471347272692136330\" class=\"_5pcp _5lel _2jyu _232_\" data-testid=\"story-subtitle\">\u0160tafety Olomouck\u00e9ho kraje v Celost\u00e1tn\u00edm fin\u00e1le b\u011b\u017eeck\u00e9ho poh\u00e1ru obsadily 3. m\u00edsta.<\/div>\n<\/div>\n<\/div>\n<\/div>\n<\/div>\n<\/div>\n<\/div>\n<\/div>\n<p><!--more--><\/p>\n<div id=\"js_pq\" class=\"_5pbx userContent _3576\" data-ad-preview=\"message\" data-ft=\"{&quot;tn&quot;:&quot;K&quot;}\">\n<p style=\"text-align: justify;\">\u0160tafety mlad\u0161\u00edch \u017e\u00e1k\u016f, star\u0161\u00edch \u017e\u00e1k\u016f i dorostenc\u016f vezou bronzov\u00e9 medaile z fin\u00e1le b\u011b\u017eeck\u00e9ho poh\u00e1ru, kter\u00e9 se konalo v r\u00e1mci Mistrovstv\u00ed \u010cR mu\u017e\u016f, \u017een a junior\u016f v Alfr\u00e9dov\u011b u Plzn\u011b, \u010d\u00edm\u017e byli jedn\u00edm z nej\u00fasp\u011b\u0161n\u011bj\u0161\u00edch kraj\u016f. Gratulujeme a d\u011bkujeme za vzornou reprezentaci.<\/p>\n<p><img loading=\"lazy\" decoding=\"async\" class=\"aligncenter wp-image-423 size-large\" src=\"http:\/\/www.kasolomouc.cz\/wp-content\/uploads\/2018\/11\/46789517_2158651860852068_426923498728849408_o-1024x682.jpg\" alt=\"\" width=\"1024\" height=\"682\" srcset=\"https:\/\/www.kasolomouc.cz\/wp-content\/uploads\/2018\/11\/46789517_2158651860852068_426923498728849408_o-1024x682.jpg 1024w, https:\/\/www.kasolomouc.cz\/wp-content\/uploads\/2018\/11\/46789517_2158651860852068_426923498728849408_o-300x200.jpg 300w, https:\/\/www.kasolomouc.cz\/wp-content\/uploads\/2018\/11\/46789517_2158651860852068_426923498728849408_o-768x511.jpg 768w, https:\/\/www.kasolomouc.cz\/wp-content\/uploads\/2018\/11\/46789517_2158651860852068_426923498728849408_o.jpg 1709w\" sizes=\"auto, (max-width: 1024px) 100vw, 1024px\" \/><\/p>\n<\/div>\n","protected":false},"excerpt":{"rendered":"<p>\u0160tafety Olomouck\u00e9ho kraje v Celost\u00e1tn\u00edm fin\u00e1le b\u011b\u017eeck\u00e9ho poh\u00e1ru obsadily 3. m\u00edsta.<\/p>\n","protected":false},"author":3,"featured_media":423,"comment_status":"closed","ping_status":"closed","sticky":false,"template":"","format":"standard","meta":{"footnotes":""},"categories":[1],"tags":[],"class_list":["entry","author-robert","has-more-link","post-422","post","type-post","status-publish","format-standard","has-post-thumbnail","category-aktualne"],"_links":{"self":[{"href":"https:\/\/www.kasolomouc.cz\/index.php\/wp-json\/wp\/v2\/posts\/422","targetHints":{"allow":["GET"]}}],"collection":[{"href":"https:\/\/www.kasolomouc.cz\/index.php\/wp-json\/wp\/v2\/posts"}],"about":[{"href":"https:\/\/www.kasolomouc.cz\/index.php\/wp-json\/wp\/v2\/types\/post"}],"author":[{"embeddable":true,"href":"https:\/\/www.kasolomouc.cz\/index.php\/wp-json\/wp\/v2\/users\/3"}],"replies":[{"embeddable":true,"href":"https:\/\/www.kasolomouc.cz\/index.php\/wp-json\/wp\/v2\/comments?post=422"}],"version-history":[{"count":1,"href":"https:\/\/www.kasolomouc.cz\/index.php\/wp-json\/wp\/v2\/posts\/422\/revisions"}],"predecessor-version":[{"id":424,"href":"https:\/\/www.kasolomouc.cz\/index.php\/wp-json\/wp\/v2\/posts\/422\/revisions\/424"}],"wp:featuredmedia":[{"embeddable":true,"href":"https:\/\/www.kasolomouc.cz\/index.php\/wp-json\/wp\/v2\/media\/423"}],"wp:attachment":[{"href":"https:\/\/www.kasolomouc.cz\/index.php\/wp-json\/wp\/v2\/media?parent=422"}],"wp:term":[{"taxonomy":"category","embeddable":true,"href":"https:\/\/www.kasolomouc.cz\/index.php\/wp-json\/wp\/v2\/categories?post=422"},{"taxonomy":"post_tag","embeddable":true,"href":"https:\/\/www.kasolomouc.cz\/index.php\/wp-json\/wp\/v2\/tags?post=422"}],"curies":[{"name":"wp","href":"https:\/\/api.w.org\/{rel}","templated":true}]}}