{"id":333,"date":"2018-04-15T16:32:47","date_gmt":"2018-04-15T16:32:47","guid":{"rendered":"http:\/\/www.kasolomouc.cz\/?p=333"},"modified":"2018-04-15T16:34:34","modified_gmt":"2018-04-15T16:34:34","slug":"beh-sternberskym-parkem-krajsky-prebor-v-prespolnim-behu","status":"publish","type":"post","link":"https:\/\/www.kasolomouc.cz\/index.php\/2018\/04\/15\/beh-sternberskym-parkem-krajsky-prebor-v-prespolnim-behu\/","title":{"rendered":"B\u011bh \u0161ternbersk\u00fdm parkem &#038; krajsk\u00fd p\u0159ebor v p\u0159espoln\u00edm b\u011bhu"},"content":{"rendered":"<p style=\"text-align: justify;\">V sobotu 21.4. prob\u011bhne ve \u0161ternbersk\u00e9m parku 50. ro\u010dn\u00edk ve\u0159ejn\u00e9ho p\u0159espoln\u00edho b\u011bhu &#8222;Jarn\u00ed b\u011bh parkem 2018&#8220;, kter\u00fd bude sou\u010dasn\u011b krajsk\u00fdm p\u0159eborem v p\u0159espoln\u00edm b\u011bhu v\u0161ech kategori\u00ed.<!--more--><br \/>\nSou\u010d\u00e1st\u00ed z\u00e1vodu bude i \u0161tafeta 2x300m d\u011bt\u00ed a jejich rodi\u010d\u016f ( rodi\u010d a d\u00edt\u011b do ro\u010d. 2007 a rodi\u010d a d\u00edt\u011b do ro\u010d. 2003)<br \/>\nV\u0161echny zveme si zab\u011bhat v sobotu od 9:30, kdy pob\u011b\u017e\u00ed nejmlad\u0161\u00ed kategorie. Prezence od 8:30 hodin.<\/p>\n<p>Informace o b\u011b\u017eeck\u00e9m poh\u00e1ru ml\u00e1de\u017ee olomouck\u00e9ho kraje naleznete tak\u00e9 na <a href=\"https:\/\/www.facebook.com\/B\u011b\u017eeck\u00fd-poh\u00e1r-d\u011bt\u00ed-a-ml\u00e1de\u017ee-Olomouck\u00e9ho-kraje-244104439047458\/\">facebookov\u00e9 str\u00e1nce<\/a>.<\/p>\n<p><img loading=\"lazy\" decoding=\"async\" class=\"aligncenter size-full wp-image-334\" src=\"http:\/\/www.kasolomouc.cz\/wp-content\/uploads\/2018\/04\/b\u011bh-\u0161ternbersk\u00fdm-parkem.jpg\" alt=\"\" width=\"679\" height=\"960\" srcset=\"https:\/\/www.kasolomouc.cz\/wp-content\/uploads\/2018\/04\/b\u011bh-\u0161ternbersk\u00fdm-parkem.jpg 679w, https:\/\/www.kasolomouc.cz\/wp-content\/uploads\/2018\/04\/b\u011bh-\u0161ternbersk\u00fdm-parkem-212x300.jpg 212w\" sizes=\"auto, (max-width: 679px) 100vw, 679px\" \/><\/p>\n","protected":false},"excerpt":{"rendered":"<p>V sobotu 21.4. prob\u011bhne ve \u0161ternbersk\u00e9m parku 50. ro\u010dn\u00edk ve\u0159ejn\u00e9ho p\u0159espoln\u00edho b\u011bhu &#8222;Jarn\u00ed b\u011bh parkem 2018&#8220;, kter\u00fd bude sou\u010dasn\u011b krajsk\u00fdm p\u0159eborem v p\u0159espoln\u00edm b\u011bhu v\u0161ech kategori\u00ed.<\/p>\n","protected":false},"author":3,"featured_media":334,"comment_status":"closed","ping_status":"closed","sticky":false,"template":"","format":"standard","meta":{"footnotes":""},"categories":[1],"tags":[],"class_list":["entry","author-robert","has-more-link","post-333","post","type-post","status-publish","format-standard","has-post-thumbnail","category-aktualne"],"_links":{"self":[{"href":"https:\/\/www.kasolomouc.cz\/index.php\/wp-json\/wp\/v2\/posts\/333","targetHints":{"allow":["GET"]}}],"collection":[{"href":"https:\/\/www.kasolomouc.cz\/index.php\/wp-json\/wp\/v2\/posts"}],"about":[{"href":"https:\/\/www.kasolomouc.cz\/index.php\/wp-json\/wp\/v2\/types\/post"}],"author":[{"embeddable":true,"href":"https:\/\/www.kasolomouc.cz\/index.php\/wp-json\/wp\/v2\/users\/3"}],"replies":[{"embeddable":true,"href":"https:\/\/www.kasolomouc.cz\/index.php\/wp-json\/wp\/v2\/comments?post=333"}],"version-history":[{"count":4,"href":"https:\/\/www.kasolomouc.cz\/index.php\/wp-json\/wp\/v2\/posts\/333\/revisions"}],"predecessor-version":[{"id":338,"href":"https:\/\/www.kasolomouc.cz\/index.php\/wp-json\/wp\/v2\/posts\/333\/revisions\/338"}],"wp:featuredmedia":[{"embeddable":true,"href":"https:\/\/www.kasolomouc.cz\/index.php\/wp-json\/wp\/v2\/media\/334"}],"wp:attachment":[{"href":"https:\/\/www.kasolomouc.cz\/index.php\/wp-json\/wp\/v2\/media?parent=333"}],"wp:term":[{"taxonomy":"category","embeddable":true,"href":"https:\/\/www.kasolomouc.cz\/index.php\/wp-json\/wp\/v2\/categories?post=333"},{"taxonomy":"post_tag","embeddable":true,"href":"https:\/\/www.kasolomouc.cz\/index.php\/wp-json\/wp\/v2\/tags?post=333"}],"curies":[{"name":"wp","href":"https:\/\/api.w.org\/{rel}","templated":true}]}}