{"id":223,"date":"2018-02-12T11:51:30","date_gmt":"2018-02-12T11:51:30","guid":{"rendered":"http:\/\/www.kasolomouc.cz\/?p=223"},"modified":"2018-02-12T11:52:11","modified_gmt":"2018-02-12T11:52:11","slug":"sportovec-olomouckeho-kraje-2017","status":"publish","type":"post","link":"https:\/\/www.kasolomouc.cz\/index.php\/2018\/02\/12\/sportovec-olomouckeho-kraje-2017\/","title":{"rendered":"Sportovec Olomouck\u00e9ho kraje 2017"},"content":{"rendered":"<p>V tradi\u010dn\u00edm vyhl\u00e1\u0161en\u00ed nejlep\u0161\u00edch sportovc\u016f Olomouck\u00e9ho kraje m\u011bla pro rok 2017 zastoupen\u00ed op\u011bt i atletika.<!--more--><\/p>\n<p style=\"text-align: justify;\"><img loading=\"lazy\" decoding=\"async\" class=\"wp-image-226 alignleft\" src=\"http:\/\/www.kasolomouc.cz\/wp-content\/uploads\/2018\/02\/Kukla-200x300.jpg\" alt=\"\" width=\"179\" height=\"269\" srcset=\"https:\/\/www.kasolomouc.cz\/wp-content\/uploads\/2018\/02\/Kukla-200x300.jpg 200w, https:\/\/www.kasolomouc.cz\/wp-content\/uploads\/2018\/02\/Kukla-768x1152.jpg 768w, https:\/\/www.kasolomouc.cz\/wp-content\/uploads\/2018\/02\/Kukla-683x1024.jpg 683w, https:\/\/www.kasolomouc.cz\/wp-content\/uploads\/2018\/02\/Kukla.jpg 800w\" sizes=\"auto, (max-width: 179px) 100vw, 179px\" \/>V\u00edt\u011bzem v kategorii handicapovan\u00fdch sportovc\u016f byl z\u00e1vodn\u00edk Atletick\u00e9ho klubu Olomouc Martin Kukla. Martinov\u00fdm nejv\u011bt\u0161\u00edm \u00fasp\u011bchem v uplynul\u00e9m roce bylo 4. m\u00edsto na Mistrovstv\u00ed sv\u011bta v Lond\u00fdn\u011b v hodu o\u0161t\u011bpem.<\/p>\n<p>&nbsp;<\/p>\n<p>&nbsp;<\/p>\n<p>&nbsp;<\/p>\n<p>&nbsp;<\/p>\n<p>&nbsp;<\/p>\n<p>&nbsp;<\/p>\n<p>&nbsp;<\/p>\n<p>&nbsp;<\/p>\n<p style=\"text-align: justify;\"><img loading=\"lazy\" decoding=\"async\" class=\"alignright wp-image-224\" src=\"http:\/\/www.kasolomouc.cz\/wp-content\/uploads\/2018\/02\/sam-300x200.jpg\" alt=\"\" width=\"393\" height=\"262\" srcset=\"https:\/\/www.kasolomouc.cz\/wp-content\/uploads\/2018\/02\/sam-300x200.jpg 300w, https:\/\/www.kasolomouc.cz\/wp-content\/uploads\/2018\/02\/sam-768x512.jpg 768w, https:\/\/www.kasolomouc.cz\/wp-content\/uploads\/2018\/02\/sam-1024x683.jpg 1024w, https:\/\/www.kasolomouc.cz\/wp-content\/uploads\/2018\/02\/sam.jpg 1200w\" sizes=\"auto, (max-width: 393px) 100vw, 393px\" \/>Objevem roku byl vyhl\u00e1\u0161en z\u00e1vodn\u00edk Atletick\u00e9ho klubu Olomouc Samuel Lawson. Samuel dok\u00e1zal p\u0159i sv\u00e9m v\u00edt\u011bzn\u00e9m b\u011bhu na Mistrovstv\u00ed \u010cesk\u00e9 republiky \u017eactva v B\u0159eclavi v b\u011bhu na 200 m p\u0159ek\u00e1\u017eek dokonce p\u0159ekonat \u010desk\u00fd rekord. D\u00e1le byl tak\u00e9 \u010dlenem zlat\u00e9 \u0161tafety \u017e\u00e1k\u016f Atletick\u00e9ho klubu Olomouc, kter\u00e1 na Mistrovstv\u00ed \u010cesk\u00e9 republiky rovn\u011b\u017e p\u0159ekonala \u010desk\u00fd rekord ve \u0161tafet\u011b 4&#215;60 metr\u016f.<\/p>\n<p>&nbsp;<\/p>\n<p>Gratulujeme a p\u0159ejeme spoustu \u00fasp\u011bch\u016f i v roce 2018.<\/p>\n","protected":false},"excerpt":{"rendered":"<p>V tradi\u010dn\u00edm vyhl\u00e1\u0161en\u00ed nejlep\u0161\u00edch sportovc\u016f Olomouck\u00e9ho kraje m\u011bla pro rok 2017 zastoupen\u00ed op\u011bt i atletika.<\/p>\n","protected":false},"author":3,"featured_media":224,"comment_status":"closed","ping_status":"closed","sticky":false,"template":"","format":"standard","meta":{"footnotes":""},"categories":[1],"tags":[],"class_list":["entry","author-robert","has-more-link","post-223","post","type-post","status-publish","format-standard","has-post-thumbnail","category-aktualne"],"_links":{"self":[{"href":"https:\/\/www.kasolomouc.cz\/index.php\/wp-json\/wp\/v2\/posts\/223","targetHints":{"allow":["GET"]}}],"collection":[{"href":"https:\/\/www.kasolomouc.cz\/index.php\/wp-json\/wp\/v2\/posts"}],"about":[{"href":"https:\/\/www.kasolomouc.cz\/index.php\/wp-json\/wp\/v2\/types\/post"}],"author":[{"embeddable":true,"href":"https:\/\/www.kasolomouc.cz\/index.php\/wp-json\/wp\/v2\/users\/3"}],"replies":[{"embeddable":true,"href":"https:\/\/www.kasolomouc.cz\/index.php\/wp-json\/wp\/v2\/comments?post=223"}],"version-history":[{"count":4,"href":"https:\/\/www.kasolomouc.cz\/index.php\/wp-json\/wp\/v2\/posts\/223\/revisions"}],"predecessor-version":[{"id":229,"href":"https:\/\/www.kasolomouc.cz\/index.php\/wp-json\/wp\/v2\/posts\/223\/revisions\/229"}],"wp:featuredmedia":[{"embeddable":true,"href":"https:\/\/www.kasolomouc.cz\/index.php\/wp-json\/wp\/v2\/media\/224"}],"wp:attachment":[{"href":"https:\/\/www.kasolomouc.cz\/index.php\/wp-json\/wp\/v2\/media?parent=223"}],"wp:term":[{"taxonomy":"category","embeddable":true,"href":"https:\/\/www.kasolomouc.cz\/index.php\/wp-json\/wp\/v2\/categories?post=223"},{"taxonomy":"post_tag","embeddable":true,"href":"https:\/\/www.kasolomouc.cz\/index.php\/wp-json\/wp\/v2\/tags?post=223"}],"curies":[{"name":"wp","href":"https:\/\/api.w.org\/{rel}","templated":true}]}}