{"id":2059,"date":"2024-03-27T08:43:50","date_gmt":"2024-03-27T08:43:50","guid":{"rendered":"http:\/\/www.kasolomouc.cz\/?p=2059"},"modified":"2024-03-27T08:44:28","modified_gmt":"2024-03-27T08:44:28","slug":"skolni-atleticke-souteze-se-nezadrzitelne-blizi","status":"publish","type":"post","link":"https:\/\/www.kasolomouc.cz\/index.php\/2024\/03\/27\/skolni-atleticke-souteze-se-nezadrzitelne-blizi\/","title":{"rendered":"\u0160koln\u00ed atletick\u00e9 sout\u011b\u017ee se nezadr\u017eiteln\u011b bl\u00ed\u017e\u00ed&#8230;"},"content":{"rendered":"<p style=\"text-align: justify;\">P\u0159ipravujeme tradi\u010dn\u00ed jarn\u00ed \u0161koln\u00ed atletick\u00e9 sout\u011b\u017ee pro \u017e\u00e1ky z\u00e1kladn\u00edch \u0161kol &#8211; \u0160tafetov\u00fd poh\u00e1r a Poh\u00e1r rozhlasu. P\u0159ehled term\u00edn\u016f okresn\u00edch a krajsk\u00fdch kol v Olomouck\u00e9m kraji a dal\u0161\u00ed informace naleznete v p\u0159\u00edsp\u011bvku a v sekci \u0160koln\u00ed sout\u011b\u017ee na na\u0161em webu.<!--more--><\/p>\n<p><strong>\u0160tafetov\u00fd poh\u00e1r se letos kon\u00e1 ji\u017e po jeden\u00e1ct\u00e9 <\/strong>a jeho\u00a0patronem bude \u010dtvrtka\u0159 a \u00fasp\u011b\u0161n\u00fd \u0161tafetov\u00fd reprezentant V\u00edt M\u00fcller.<\/p>\n<p>TERM\u00cdNY A M\u00cdSTA KON\u00c1N\u00cd V OLOMOUCK\u00c9M KRAJI::<\/p>\n<ul>\n<li><strong>Jesen\u00edk<\/strong>\n<ul>\n<li>18. 4. 2024<\/li>\n<\/ul>\n<\/li>\n<li><strong>Prost\u011bjov<\/strong>\n<ul>\n<li>3. 5. 2024<\/li>\n<\/ul>\n<\/li>\n<li><strong>Olomouc<\/strong>\n<ul>\n<li>16. 4. 2024<\/li>\n<\/ul>\n<\/li>\n<li><strong>\u0160umperk<\/strong>\n<ul>\n<li>25. 4. 2024<\/li>\n<\/ul>\n<\/li>\n<li><strong>Hranice (okres P\u0159erov)<\/strong>\n<ul>\n<li>22. 4. 2024<\/li>\n<\/ul>\n<\/li>\n<\/ul>\n<p>Jak se p\u0159ihl\u00e1sit a v\u00edce informac\u00ed naleznete na webu: <a href=\"http:\/\/www.stafetovypohar.cz\">www.stafetovypohar.cz<\/a><\/p>\n<p>&nbsp;<\/p>\n<p><strong>Poh\u00e1r rozhlasu s \u010ceskou spo\u0159itelnou letos slav\u00ed ji\u017e 55. v\u00fdro\u010d\u00ed po\u0159\u00e1d\u00e1n\u00ed.<\/strong> Jeho patronem je sprinter Eduard Kubel\u00edk.<\/p>\n<p>TERM\u00cdNY A M\u00cdSTA KON\u00c1N\u00cd V OLOMOUCK\u00c9M KRAJI:<\/p>\n<ul>\n<li>Okresn\u00ed kola:\n<ul>\n<li><strong>Olomouc<\/strong>\n<ul>\n<li>mlad\u0161\u00ed + star\u0161\u00ed 15. 5. 2024<\/li>\n<\/ul>\n<\/li>\n<li><strong>\u0160umperk<\/strong>\n<ul>\n<li>mlad\u0161\u00ed + star\u0161\u00ed 16. 5. 2024<\/li>\n<\/ul>\n<\/li>\n<li><strong>Prost\u011bjov<\/strong>\n<ul>\n<li>mlad\u0161\u00ed 14. 5. 2024<\/li>\n<li>star\u0161\u00ed 16. 5. 2024<\/li>\n<\/ul>\n<\/li>\n<li><strong>P\u0159erov<\/strong>\n<ul>\n<li>mlad\u0161\u00ed + star\u0161\u00ed 16. 5. 2024<\/li>\n<\/ul>\n<\/li>\n<li><strong>Jesen\u00edk<\/strong>\n<ul>\n<li>mlad\u0161\u00ed + star\u0161\u00ed 9. 5.\u00a02024<\/li>\n<\/ul>\n<\/li>\n<\/ul>\n<\/li>\n<\/ul>\n<p>Jak se p\u0159ihl\u00e1sit a v\u00edce informac\u00ed naleznete na webu: <a href=\"http:\/\/www.poharrozhlasu.cz\">www.poharrozhlasu.cz<\/a><\/p>\n<p><strong>T\u011b\u0161\u00edme se na Va\u0161i \u00fa\u010dast.<\/strong><\/p>\n","protected":false},"excerpt":{"rendered":"<p>P\u0159ipravujeme tradi\u010dn\u00ed jarn\u00ed \u0161koln\u00ed atletick\u00e9 sout\u011b\u017ee pro \u017e\u00e1ky z\u00e1kladn\u00edch \u0161kol &#8211; \u0160tafetov\u00fd poh\u00e1r a Poh\u00e1r rozhlasu. P\u0159ehled term\u00edn\u016f okresn\u00edch a krajsk\u00fdch kol v Olomouck\u00e9m kraji a dal\u0161\u00ed informace naleznete v p\u0159\u00edsp\u011bvku a v sekci \u0160koln\u00ed sout\u011b\u017ee na na\u0161em webu.<\/p>\n","protected":false},"author":3,"featured_media":2061,"comment_status":"closed","ping_status":"closed","sticky":false,"template":"","format":"standard","meta":{"footnotes":""},"categories":[1],"tags":[],"class_list":["entry","author-robert","has-more-link","post-2059","post","type-post","status-publish","format-standard","has-post-thumbnail","category-aktualne"],"_links":{"self":[{"href":"https:\/\/www.kasolomouc.cz\/index.php\/wp-json\/wp\/v2\/posts\/2059","targetHints":{"allow":["GET"]}}],"collection":[{"href":"https:\/\/www.kasolomouc.cz\/index.php\/wp-json\/wp\/v2\/posts"}],"about":[{"href":"https:\/\/www.kasolomouc.cz\/index.php\/wp-json\/wp\/v2\/types\/post"}],"author":[{"embeddable":true,"href":"https:\/\/www.kasolomouc.cz\/index.php\/wp-json\/wp\/v2\/users\/3"}],"replies":[{"embeddable":true,"href":"https:\/\/www.kasolomouc.cz\/index.php\/wp-json\/wp\/v2\/comments?post=2059"}],"version-history":[{"count":2,"href":"https:\/\/www.kasolomouc.cz\/index.php\/wp-json\/wp\/v2\/posts\/2059\/revisions"}],"predecessor-version":[{"id":2064,"href":"https:\/\/www.kasolomouc.cz\/index.php\/wp-json\/wp\/v2\/posts\/2059\/revisions\/2064"}],"wp:featuredmedia":[{"embeddable":true,"href":"https:\/\/www.kasolomouc.cz\/index.php\/wp-json\/wp\/v2\/media\/2061"}],"wp:attachment":[{"href":"https:\/\/www.kasolomouc.cz\/index.php\/wp-json\/wp\/v2\/media?parent=2059"}],"wp:term":[{"taxonomy":"category","embeddable":true,"href":"https:\/\/www.kasolomouc.cz\/index.php\/wp-json\/wp\/v2\/categories?post=2059"},{"taxonomy":"post_tag","embeddable":true,"href":"https:\/\/www.kasolomouc.cz\/index.php\/wp-json\/wp\/v2\/tags?post=2059"}],"curies":[{"name":"wp","href":"https:\/\/api.w.org\/{rel}","templated":true}]}}