{"id":1916,"date":"2023-11-28T10:22:24","date_gmt":"2023-11-28T10:22:24","guid":{"rendered":"http:\/\/www.kasolomouc.cz\/?p=1916"},"modified":"2023-11-28T10:22:24","modified_gmt":"2023-11-28T10:22:24","slug":"testovaci-sraz-scm-olomouckeho-kraje","status":"publish","type":"post","link":"https:\/\/www.kasolomouc.cz\/index.php\/2023\/11\/28\/testovaci-sraz-scm-olomouckeho-kraje\/","title":{"rendered":"Testovac\u00ed sraz SCM Olomouck\u00e9ho kraje"},"content":{"rendered":"<p style=\"text-align: justify;\">V term\u00ednu 24. &#8211; 26. 11. 2023 se v ostravsk\u00e9 hale uskute\u010dnil Testovac\u00ed sraz \u010dlen\u016f SCM Olomouck\u00e9ho kraje. N\u00e1\u0161 kraj uskute\u010dnil toto setk\u00e1n\u00ed spole\u010dn\u011b s SCM Zl\u00ednsk\u00e9ho a Jihomoravsk\u00e9ho kraje. I p\u0159es term\u00ednovou kolizi s M\u010cR v p\u0159espoln\u00edm b\u011bhu a Fin\u00e1le b\u011b\u017eeck\u00e9ho poh\u00e1ru ml\u00e1de\u017ee se z na\u0161eho kraje z\u00fa\u010dastnilo celkem 19 atlet\u016f za\u0159azen\u00fdch do SCM.<!--more--><span id=\"more-1398\"><\/span><\/p>\n<p style=\"text-align: justify;\">\u00da\u010dastn\u00edc\u00ed se atleti SCM byli v leto\u0161n\u00edm roce mimo tradi\u010dn\u00edho testov\u00e1n\u00ed pohybov\u00fdch schopnost\u00ed op\u011bt d\u016fkladn\u011b prohl\u00e9dnuti sportovn\u00edm l\u00e9ka\u0159em a fyzioterapeuty. Ka\u017ed\u00fd atlet a osobn\u00ed tren\u00e9r obdr\u017eeli mailem v\u00fdsledky z testovac\u00edho srazu a zpr\u00e1vu od l\u00e9ka\u0159e a fyzioterapeuta s doporu\u010den\u00edmi pro tr\u00e9nink.<\/p>\n<p style=\"text-align: justify;\">D\u00e1le tak\u00e9 prob\u011bhla p\u0159edn\u00e1\u0161ka o antidopingov\u00e9m programu I run clean a beseda s leto\u0161n\u00edm juniorsk\u00fdm mistrem Evropy v b\u011bhu na 800 metr\u016f Jakubem Dudychou a jeho tren\u00e9rem Luk\u00e1\u0161em Dejdarem. V pr\u016fb\u011bhu srazu prob\u011bhlo tak\u00e9 n\u011bkolik spole\u010dn\u00fdch tr\u00e9nink\u016f ve skupin\u00e1ch podle sportovn\u00ed specializace atlet\u016f.<\/p>\n<p style=\"text-align: justify;\">D\u011bkujeme v\u0161em z\u00fa\u010dastn\u011bn\u00fdm tren\u00e9r\u016fm za pomoc p\u0159i realizaci srazu a atlet\u016fm p\u0159ejeme, aby z\u00edskan\u00e9 poznatky vyu\u017eili ve sv\u00e9m tr\u00e9ninku.<\/p>\n<p style=\"text-align: justify;\">Do z\u00e1v\u011bre\u010dn\u00e9 p\u0159\u00edpravy p\u0159ed halovou sez\u00f3nou 2024 p\u0159ejeme v\u0161em pevn\u00e9 zdrav\u00ed a spoustu sportovn\u00edho \u0161t\u011bst\u00ed.<\/p>\n<p><img loading=\"lazy\" decoding=\"async\" class=\"aligncenter size-large wp-image-1917\" src=\"http:\/\/www.kasolomouc.cz\/wp-content\/uploads\/2023\/11\/TS23-1024x549.jpg\" alt=\"\" width=\"1024\" height=\"549\" srcset=\"https:\/\/www.kasolomouc.cz\/wp-content\/uploads\/2023\/11\/TS23-1024x549.jpg 1024w, https:\/\/www.kasolomouc.cz\/wp-content\/uploads\/2023\/11\/TS23-300x161.jpg 300w, https:\/\/www.kasolomouc.cz\/wp-content\/uploads\/2023\/11\/TS23-768x412.jpg 768w\" sizes=\"auto, (max-width: 1024px) 100vw, 1024px\" \/><\/p>\n","protected":false},"excerpt":{"rendered":"<p>V term\u00ednu 24. &#8211; 26. 11. 2023 se v ostravsk\u00e9 hale uskute\u010dnil Testovac\u00ed sraz \u010dlen\u016f SCM Olomouck\u00e9ho kraje. N\u00e1\u0161 kraj uskute\u010dnil toto setk\u00e1n\u00ed spole\u010dn\u011b s SCM Zl\u00ednsk\u00e9ho a Jihomoravsk\u00e9ho kraje. I p\u0159es term\u00ednovou kolizi s M\u010cR v p\u0159espoln\u00edm b\u011bhu a Fin\u00e1le b\u011b\u017eeck\u00e9ho poh\u00e1ru ml\u00e1de\u017ee se z na\u0161eho kraje z\u00fa\u010dastnilo celkem 19 atlet\u016f za\u0159azen\u00fdch do SCM.<\/p>\n","protected":false},"author":3,"featured_media":1917,"comment_status":"closed","ping_status":"closed","sticky":false,"template":"","format":"standard","meta":{"footnotes":""},"categories":[1],"tags":[],"class_list":["entry","author-robert","has-more-link","post-1916","post","type-post","status-publish","format-standard","has-post-thumbnail","category-aktualne"],"_links":{"self":[{"href":"https:\/\/www.kasolomouc.cz\/index.php\/wp-json\/wp\/v2\/posts\/1916","targetHints":{"allow":["GET"]}}],"collection":[{"href":"https:\/\/www.kasolomouc.cz\/index.php\/wp-json\/wp\/v2\/posts"}],"about":[{"href":"https:\/\/www.kasolomouc.cz\/index.php\/wp-json\/wp\/v2\/types\/post"}],"author":[{"embeddable":true,"href":"https:\/\/www.kasolomouc.cz\/index.php\/wp-json\/wp\/v2\/users\/3"}],"replies":[{"embeddable":true,"href":"https:\/\/www.kasolomouc.cz\/index.php\/wp-json\/wp\/v2\/comments?post=1916"}],"version-history":[{"count":2,"href":"https:\/\/www.kasolomouc.cz\/index.php\/wp-json\/wp\/v2\/posts\/1916\/revisions"}],"predecessor-version":[{"id":1920,"href":"https:\/\/www.kasolomouc.cz\/index.php\/wp-json\/wp\/v2\/posts\/1916\/revisions\/1920"}],"wp:featuredmedia":[{"embeddable":true,"href":"https:\/\/www.kasolomouc.cz\/index.php\/wp-json\/wp\/v2\/media\/1917"}],"wp:attachment":[{"href":"https:\/\/www.kasolomouc.cz\/index.php\/wp-json\/wp\/v2\/media?parent=1916"}],"wp:term":[{"taxonomy":"category","embeddable":true,"href":"https:\/\/www.kasolomouc.cz\/index.php\/wp-json\/wp\/v2\/categories?post=1916"},{"taxonomy":"post_tag","embeddable":true,"href":"https:\/\/www.kasolomouc.cz\/index.php\/wp-json\/wp\/v2\/tags?post=1916"}],"curies":[{"name":"wp","href":"https:\/\/api.w.org\/{rel}","templated":true}]}}