{"id":1913,"date":"2023-11-28T09:48:03","date_gmt":"2023-11-28T09:48:03","guid":{"rendered":"http:\/\/www.kasolomouc.cz\/?p=1913"},"modified":"2023-11-28T09:48:03","modified_gmt":"2023-11-28T09:48:03","slug":"finale-bezeckeho-poharu-mladeze-cr-krajske-stafety","status":"publish","type":"post","link":"https:\/\/www.kasolomouc.cz\/index.php\/2023\/11\/28\/finale-bezeckeho-poharu-mladeze-cr-krajske-stafety\/","title":{"rendered":"Fin\u00e1le b\u011b\u017eeck\u00e9ho poh\u00e1ru ml\u00e1de\u017ee \u010cR &#8211; krajsk\u00e9 \u0161tafety"},"content":{"rendered":"<p style=\"text-align: justify;\">V sobotu 25. 11. 2023 prob\u011bhlo ve sportovn\u00ed are\u00e1lu v D\u0159\u00edte\u010di fin\u00e1le b\u011b\u017eeck\u00e9ho poh\u00e1ru ml\u00e1de\u017ee \u010cR. Krajsk\u00fd atletick\u00fd svaz Olomouc op\u011bt vyslal na\u0161e nej\u00fasp\u011b\u0161n\u011bj\u0161\u00ed b\u011b\u017ece do tradi\u010dn\u00edho souboje sm\u00ed\u0161en\u00fdch krajsk\u00fdch \u0161tafet na 4x 1km v kategori\u00edch mlad\u0161\u00edho \u017eactva, star\u0161\u00edho \u017eactva a dorostu.<!--more--><\/p>\n<p style=\"text-align: justify;\">P\u0159i leto\u0161n\u00edm ro\u010dn\u00edku panovalo o pozn\u00e1n\u00ed p\u0159\u00edzniv\u011bj\u0161\u00ed po\u010das\u00ed ne\u017e v p\u0159edchoz\u00edch n\u011bkolika letech. Z na\u0161ich \u0161tafet byla letos nej\u00fasp\u011b\u0161n\u011bj\u0161\u00ed \u0161tafeta dorostu ve slo\u017een\u00ed <strong>Sk\u00e1celov\u00e1 H. (AK Olomouc), Spurn\u00fd, Nesvadba (oba AK \u0160ternberk) a Berkov\u00e1 (TJ \u0160umperk)<\/strong>. Tato \u0161tafeta v t\u011bsn\u00e9m souboji o pouhou setinu podlehla \u0161tafet\u011b Plze\u0148sk\u00e9ho kraje v boji o bronz a skon\u010dila tak na v\u00fdborn\u00e9m, by\u0165 nepopul\u00e1rn\u00edm, 4. m\u00edst\u011b.<\/p>\n<p style=\"text-align: justify;\">\u0160tafeta star\u0161\u00edho \u017eactva obsadila 9. m\u00edsto a b\u011b\u017eela ve slo\u017een\u00ed <strong>N\u011bmcov\u00e1 (AK Prost\u011bjov), \u0160\u00edma (SK P\u0159erov), Tvrdo\u0148ov\u00e1 (SK Hranice), Po\u0161tulka (TJ Sokol Nov\u00e1 Hrade\u010dn\u00e1).<\/strong><\/p>\n<p style=\"text-align: justify;\">\u0160tafeta mlad\u0161\u00edho \u017eactva obsadila 10. m\u00edsto a b\u011b\u017eela ve slo\u017een\u00ed <strong>Nov\u00e1kov\u00e1, N\u011bme\u010dkov\u00e1 (ob\u011b AK Olomouc), Rychteck\u00fd (AK \u0160ternberk) a Ku\u0161\u00edk (TJ \u0160umperk).<\/strong><\/p>\n<p style=\"text-align: justify;\">D\u011bkujeme v\u0161em za vzornou reprezentaci Olomouck\u00e9ho kraje. Pod\u011bkov\u00e1n\u00ed pat\u0159\u00ed tak\u00e9 vedouc\u00edmu v\u00fdpravy Honzovi Kosteck\u00e9mu.<\/p>\n<p><a href=\"https:\/\/online.atletika.cz\/vysledky\/70321\">Kompletn\u00ed v\u00fdsledky z\u00e1vod\u016f v\u010detn\u011b \u010das\u016f jednotliv\u00fdch \u00fasek\u016f.<\/a><\/p>\n","protected":false},"excerpt":{"rendered":"<p>V sobotu 25. 11. 2023 prob\u011bhlo ve sportovn\u00ed are\u00e1lu v D\u0159\u00edte\u010di fin\u00e1le b\u011b\u017eeck\u00e9ho poh\u00e1ru ml\u00e1de\u017ee \u010cR. Krajsk\u00fd atletick\u00fd svaz Olomouc op\u011bt vyslal na\u0161e nej\u00fasp\u011b\u0161n\u011bj\u0161\u00ed b\u011b\u017ece do tradi\u010dn\u00edho souboje sm\u00ed\u0161en\u00fdch krajsk\u00fdch \u0161tafet na 4x 1km v kategori\u00edch mlad\u0161\u00edho \u017eactva, star\u0161\u00edho \u017eactva a dorostu.<\/p>\n","protected":false},"author":3,"featured_media":1914,"comment_status":"closed","ping_status":"closed","sticky":false,"template":"","format":"standard","meta":{"footnotes":""},"categories":[1],"tags":[],"class_list":["entry","author-robert","has-more-link","post-1913","post","type-post","status-publish","format-standard","has-post-thumbnail","category-aktualne"],"_links":{"self":[{"href":"https:\/\/www.kasolomouc.cz\/index.php\/wp-json\/wp\/v2\/posts\/1913","targetHints":{"allow":["GET"]}}],"collection":[{"href":"https:\/\/www.kasolomouc.cz\/index.php\/wp-json\/wp\/v2\/posts"}],"about":[{"href":"https:\/\/www.kasolomouc.cz\/index.php\/wp-json\/wp\/v2\/types\/post"}],"author":[{"embeddable":true,"href":"https:\/\/www.kasolomouc.cz\/index.php\/wp-json\/wp\/v2\/users\/3"}],"replies":[{"embeddable":true,"href":"https:\/\/www.kasolomouc.cz\/index.php\/wp-json\/wp\/v2\/comments?post=1913"}],"version-history":[{"count":1,"href":"https:\/\/www.kasolomouc.cz\/index.php\/wp-json\/wp\/v2\/posts\/1913\/revisions"}],"predecessor-version":[{"id":1915,"href":"https:\/\/www.kasolomouc.cz\/index.php\/wp-json\/wp\/v2\/posts\/1913\/revisions\/1915"}],"wp:featuredmedia":[{"embeddable":true,"href":"https:\/\/www.kasolomouc.cz\/index.php\/wp-json\/wp\/v2\/media\/1914"}],"wp:attachment":[{"href":"https:\/\/www.kasolomouc.cz\/index.php\/wp-json\/wp\/v2\/media?parent=1913"}],"wp:term":[{"taxonomy":"category","embeddable":true,"href":"https:\/\/www.kasolomouc.cz\/index.php\/wp-json\/wp\/v2\/categories?post=1913"},{"taxonomy":"post_tag","embeddable":true,"href":"https:\/\/www.kasolomouc.cz\/index.php\/wp-json\/wp\/v2\/tags?post=1913"}],"curies":[{"name":"wp","href":"https:\/\/api.w.org\/{rel}","templated":true}]}}