{"id":1867,"date":"2023-08-02T09:37:11","date_gmt":"2023-08-02T09:37:11","guid":{"rendered":"http:\/\/www.kasolomouc.cz\/?p=1867"},"modified":"2023-08-02T09:37:11","modified_gmt":"2023-08-02T09:37:11","slug":"olympiade-del-tricolore-2023","status":"publish","type":"post","link":"https:\/\/www.kasolomouc.cz\/index.php\/2023\/08\/02\/olympiade-del-tricolore-2023\/","title":{"rendered":"Olympiade del Tricolore 2023"},"content":{"rendered":"<p style=\"text-align: justify;\">V term\u00ednu 24. &#8211; 30. 7. 2023 se v It\u00e1lii ve m\u011bste Reggio Emilia konal ji\u017e 7. ro\u010dn\u00edk mezin\u00e1rodn\u00edch z\u00e1vod\u016f Olympiade del Tricolore. V\u00fdprava atlet\u016f Olomouck\u00e9ho kraje ro\u010dn\u00edk\u016f 2009 &#8211; 2007 p\u0159ivezla celkem 26 medail\u00ed.<!--more--><\/p>\n<p>Prvn\u00ed den sout\u011b\u017e\u00ed se konal na m\u00edstn\u00edm stadionu p\u0159\u00edmo ve m\u011bst\u011b Reggio Emilia.<\/p>\n<p>Atleti KAS Olomouc z\u00edskali tyto medaile:<\/p>\n<div class=\"x11i5rnm xat24cr x1mh8g0r x1vvkbs xtlvy1s x126k92a\">\n<div dir=\"auto\">1. m\u00edsto <span class=\"x3nfvp2 x1j61x8r x1fcty0u xdj266r xhhsvwb xat24cr xgzva0m xxymvpz xlup9mm x1kky2od\"><img loading=\"lazy\" decoding=\"async\" src=\"https:\/\/static.xx.fbcdn.net\/images\/emoji.php\/v9\/ted\/1.5\/16\/1f947.png\" alt=\"\ud83e\udd47\" width=\"16\" height=\"16\" \/><\/span><\/div>\n<div dir=\"auto\">Eli\u0161ka Vece\u0159ov\u00e1 (Atletika Z\u00e1b\u0159eh) &#8211; hod diskem<\/div>\n<div dir=\"auto\"><\/div>\n<\/div>\n<div class=\"x11i5rnm xat24cr x1mh8g0r x1vvkbs xtlvy1s x126k92a\">\n<div dir=\"auto\">2. m\u00edsto <span class=\"x3nfvp2 x1j61x8r x1fcty0u xdj266r xhhsvwb xat24cr xgzva0m xxymvpz xlup9mm x1kky2od\"><img loading=\"lazy\" decoding=\"async\" src=\"https:\/\/static.xx.fbcdn.net\/images\/emoji.php\/v9\/t6e\/1.5\/16\/1f948.png\" alt=\"\ud83e\udd48\" width=\"16\" height=\"16\" \/><\/span><\/div>\n<div dir=\"auto\">Nikolas Hus (AK Olomouc) &#8211; skok dalek\u00fd<\/div>\n<div dir=\"auto\">Eli\u0161ka Ve\u010de\u0159ov\u00e1 (Atletika Z\u00e1b\u0159eh) &#8211; vrh koul\u00ed<\/div>\n<div dir=\"auto\">\u0160tafeta (100 &#8211; 200 &#8211; 300 &#8211; 400) d\u00edvek: Kl\u00e1ra Bare\u0161ov\u00e1 (AK Olomouc), Ema Bor\u016fvkov\u00e1 (AK Olomouc), Kl\u00e1ra N\u011bmcov\u00e1 (AK Prost\u011bjov), Michaela P\u00e1lkov\u00e1 (AK Olomouc)<\/div>\n<div dir=\"auto\">Pavel H\u00fdbl (AK Olomouc) &#8211; skok vysok\u00fd<\/div>\n<div dir=\"auto\">Ji\u0159\u00ed Esterka (AK Olomouc) &#8211; vrh koul\u00ed<\/div>\n<div dir=\"auto\">Ema Berkov\u00e1 (Atletika TJ \u0160umperk) &#8211; 1500 m<\/div>\n<div dir=\"auto\"><\/div>\n<\/div>\n<div class=\"x11i5rnm xat24cr x1mh8g0r x1vvkbs xtlvy1s x126k92a\">\n<div dir=\"auto\">3. m\u00edsto <span class=\"x3nfvp2 x1j61x8r x1fcty0u xdj266r xhhsvwb xat24cr xgzva0m xxymvpz xlup9mm x1kky2od\"><img loading=\"lazy\" decoding=\"async\" src=\"https:\/\/static.xx.fbcdn.net\/images\/emoji.php\/v9\/tef\/1.5\/16\/1f949.png\" alt=\"\ud83e\udd49\" width=\"16\" height=\"16\" \/><\/span><\/div>\n<div dir=\"auto\">Albert Pernica (Atletika Z\u00e1b\u0159eh) &#8211; skok dalek\u00fd<\/div>\n<div dir=\"auto\">Kl\u00e1ra Zvone\u010dkov\u00e1 (AK Olomouc) &#8211; vrh koul\u00ed<\/div>\n<div dir=\"auto\">Radim \u0160vub (Atletika Z\u00e1b\u0159eh) &#8211; skok vysok\u00fd<\/div>\n<div dir=\"auto\">Sabina Tvrdo\u0148ov\u00e1 (SK Hranice) &#8211; 1500 m<\/div>\n<\/div>\n<div dir=\"auto\"><\/div>\n<div dir=\"auto\"><img loading=\"lazy\" decoding=\"async\" class=\"aligncenter size-large wp-image-1869\" src=\"http:\/\/www.kasolomouc.cz\/wp-content\/uploads\/2023\/08\/362897448_677183861114217_4747948231718732008_n-1024x768.jpg\" alt=\"\" width=\"1024\" height=\"768\" srcset=\"https:\/\/www.kasolomouc.cz\/wp-content\/uploads\/2023\/08\/362897448_677183861114217_4747948231718732008_n-1024x768.jpg 1024w, https:\/\/www.kasolomouc.cz\/wp-content\/uploads\/2023\/08\/362897448_677183861114217_4747948231718732008_n-300x225.jpg 300w, https:\/\/www.kasolomouc.cz\/wp-content\/uploads\/2023\/08\/362897448_677183861114217_4747948231718732008_n-768x576.jpg 768w, https:\/\/www.kasolomouc.cz\/wp-content\/uploads\/2023\/08\/362897448_677183861114217_4747948231718732008_n.jpg 1080w\" sizes=\"auto, (max-width: 1024px) 100vw, 1024px\" \/><\/div>\n<div dir=\"auto\"><\/div>\n<div dir=\"auto\">Dal\u0161\u00ed sout\u011b\u017en\u00ed den se konal na bl\u00edzk\u00e9m malebn\u00e9m stadionu ve m\u011bst\u011b Castelnovo Ne\u00b4 Monti.<\/div>\n<div dir=\"auto\"><\/div>\n<div dir=\"auto\">Na tomto z\u00e1vod\u011b se nejl\u00e9pe um\u00edstili:<\/div>\n<div dir=\"auto\"><\/div>\n<div dir=\"auto\">\n<div class=\"x11i5rnm xat24cr x1mh8g0r x1vvkbs xtlvy1s x126k92a\">\n<div dir=\"auto\">1. m\u00edsto <span class=\"x3nfvp2 x1j61x8r x1fcty0u xdj266r xhhsvwb xat24cr xgzva0m xxymvpz xlup9mm x1kky2od\"><img loading=\"lazy\" decoding=\"async\" src=\"https:\/\/static.xx.fbcdn.net\/images\/emoji.php\/v9\/ted\/1.5\/16\/1f947.png\" alt=\"\ud83e\udd47\" width=\"16\" height=\"16\" \/><\/span><\/div>\n<div dir=\"auto\">Albert Pernica (Atletika Z\u00e1b\u0159eh) &#8211; o\u0161t\u011bp (700 g)<\/div>\n<div dir=\"auto\">Ema Berkov\u00e1 (Atletika TJ \u0160umperk) &#8211; 800 m<\/div>\n<div dir=\"auto\">Nikolas Hus (AK Olomouc) &#8211; 100 m<\/div>\n<div dir=\"auto\">Sebastian Vac\u00edk (AK Olomouc) &#8211; 110 m p\u0159ek\u00e1\u017eek<\/div>\n<div dir=\"auto\">Sabina Tvrdo\u0148ov\u00e1 (SK Hranice) &#8211; m\u011bstsk\u00fd b\u011bh 2000 m<\/div>\n<div dir=\"auto\"><\/div>\n<\/div>\n<div class=\"x11i5rnm xat24cr x1mh8g0r x1vvkbs xtlvy1s x126k92a\">\n<div dir=\"auto\">2. m\u00edsto <span class=\"x3nfvp2 x1j61x8r x1fcty0u xdj266r xhhsvwb xat24cr xgzva0m xxymvpz xlup9mm x1kky2od\"><img loading=\"lazy\" decoding=\"async\" src=\"https:\/\/static.xx.fbcdn.net\/images\/emoji.php\/v9\/t6e\/1.5\/16\/1f948.png\" alt=\"\ud83e\udd48\" width=\"16\" height=\"16\" \/><\/span><\/div>\n<div dir=\"auto\">Nina Berkov\u00e1 (Atletika TJ \u0160umperk) &#8211; o\u0161t\u011bp (500 g)<\/div>\n<div dir=\"auto\">Kl\u00e1ra N\u011bmcov\u00e1 (AC Prost\u011bjov) &#8211; 800 m<\/div>\n<div dir=\"auto\">Mikul\u00e1\u0161 \u0160pi\u010dka (AK Olomouc) &#8211; 100 m<\/div>\n<div dir=\"auto\">Julian Glavan (AK Olomouc) &#8211; skok o ty\u010di<\/div>\n<div dir=\"auto\">Leona Str\u017e\u00ednkov\u00e1 (SK Hranice) &#8211; 100 m p\u0159ek\u00e1\u017eek<\/div>\n<div dir=\"auto\"><\/div>\n<\/div>\n<div class=\"x11i5rnm xat24cr x1mh8g0r x1vvkbs xtlvy1s x126k92a\">\n<div dir=\"auto\">3. m\u00edsto <span class=\"x3nfvp2 x1j61x8r x1fcty0u xdj266r xhhsvwb xat24cr xgzva0m xxymvpz xlup9mm x1kky2od\"><img loading=\"lazy\" decoding=\"async\" src=\"https:\/\/static.xx.fbcdn.net\/images\/emoji.php\/v9\/tef\/1.5\/16\/1f949.png\" alt=\"\ud83e\udd49\" width=\"16\" height=\"16\" \/><\/span><\/div>\n<div dir=\"auto\">Filip Mand\u00e1k (AK Olomouc) &#8211; 100 m<\/div>\n<div dir=\"auto\">Maty\u00e1\u0161 Volf (AK Olomouc) &#8211; 110 m p\u0159ek\u00e1\u017eek<\/div>\n<div dir=\"auto\">Michaela P\u00e1lkov\u00e1 (AK Olomouc) &#8211; skok o ty\u010di<\/div>\n<div dir=\"auto\">Lada R\u016f\u017ei\u010dkov\u00e1 (Atletika TJ \u0160umperk) &#8211; skok dalek\u00fd<\/div>\n<div dir=\"auto\">Ema Berkov\u00e1 (Atletika TJ \u0160umperk) &#8211; m\u011bstsk\u00fd b\u011bh 2000 m<\/div>\n<\/div>\n<\/div>\n<div dir=\"auto\"><\/div>\n<div dir=\"auto\"><img loading=\"lazy\" decoding=\"async\" class=\"aligncenter size-full wp-image-1870\" src=\"http:\/\/www.kasolomouc.cz\/wp-content\/uploads\/2023\/08\/357753082_680512950781308_7167452656665758577_n.jpg\" alt=\"\" width=\"960\" height=\"504\" srcset=\"https:\/\/www.kasolomouc.cz\/wp-content\/uploads\/2023\/08\/357753082_680512950781308_7167452656665758577_n.jpg 960w, https:\/\/www.kasolomouc.cz\/wp-content\/uploads\/2023\/08\/357753082_680512950781308_7167452656665758577_n-300x158.jpg 300w, https:\/\/www.kasolomouc.cz\/wp-content\/uploads\/2023\/08\/357753082_680512950781308_7167452656665758577_n-768x403.jpg 768w\" sizes=\"auto, (max-width: 960px) 100vw, 960px\" \/><\/div>\n<div dir=\"auto\"><\/div>\n<div dir=\"auto\">Gratulujeme v\u0161em atlet\u016fm a d\u011bkujeme za vzornou reprezentaci Olomouck\u00e9ho kraje a Krajsk\u00e9ho atletick\u00e9ho svazu Olomouc.<\/div>\n<div dir=\"auto\">Pod\u011bkov\u00e1n\u00ed pat\u0159\u00ed tak\u00e9 vedouc\u00edmu v\u00fdpravy a z\u00fa\u010dastn\u011bn\u00fdm tren\u00e9r\u016fm.<\/div>\n","protected":false},"excerpt":{"rendered":"<p>V term\u00ednu 24. &#8211; 30. 7. 2023 se v It\u00e1lii ve m\u011bste Reggio Emilia konal ji\u017e 7. ro\u010dn\u00edk mezin\u00e1rodn\u00edch z\u00e1vod\u016f Olympiade del Tricolore. V\u00fdprava atlet\u016f Olomouck\u00e9ho kraje ro\u010dn\u00edk\u016f 2009 &#8211; 2007 p\u0159ivezla celkem 26 medail\u00ed.<\/p>\n","protected":false},"author":3,"featured_media":1868,"comment_status":"closed","ping_status":"closed","sticky":false,"template":"","format":"standard","meta":{"footnotes":""},"categories":[1],"tags":[],"class_list":["entry","author-robert","has-more-link","post-1867","post","type-post","status-publish","format-standard","has-post-thumbnail","category-aktualne"],"_links":{"self":[{"href":"https:\/\/www.kasolomouc.cz\/index.php\/wp-json\/wp\/v2\/posts\/1867","targetHints":{"allow":["GET"]}}],"collection":[{"href":"https:\/\/www.kasolomouc.cz\/index.php\/wp-json\/wp\/v2\/posts"}],"about":[{"href":"https:\/\/www.kasolomouc.cz\/index.php\/wp-json\/wp\/v2\/types\/post"}],"author":[{"embeddable":true,"href":"https:\/\/www.kasolomouc.cz\/index.php\/wp-json\/wp\/v2\/users\/3"}],"replies":[{"embeddable":true,"href":"https:\/\/www.kasolomouc.cz\/index.php\/wp-json\/wp\/v2\/comments?post=1867"}],"version-history":[{"count":1,"href":"https:\/\/www.kasolomouc.cz\/index.php\/wp-json\/wp\/v2\/posts\/1867\/revisions"}],"predecessor-version":[{"id":1871,"href":"https:\/\/www.kasolomouc.cz\/index.php\/wp-json\/wp\/v2\/posts\/1867\/revisions\/1871"}],"wp:featuredmedia":[{"embeddable":true,"href":"https:\/\/www.kasolomouc.cz\/index.php\/wp-json\/wp\/v2\/media\/1868"}],"wp:attachment":[{"href":"https:\/\/www.kasolomouc.cz\/index.php\/wp-json\/wp\/v2\/media?parent=1867"}],"wp:term":[{"taxonomy":"category","embeddable":true,"href":"https:\/\/www.kasolomouc.cz\/index.php\/wp-json\/wp\/v2\/categories?post=1867"},{"taxonomy":"post_tag","embeddable":true,"href":"https:\/\/www.kasolomouc.cz\/index.php\/wp-json\/wp\/v2\/tags?post=1867"}],"curies":[{"name":"wp","href":"https:\/\/api.w.org\/{rel}","templated":true}]}}