{"id":1847,"date":"2023-06-29T07:27:22","date_gmt":"2023-06-29T07:27:22","guid":{"rendered":"http:\/\/www.kasolomouc.cz\/?p=1847"},"modified":"2023-06-29T07:27:22","modified_gmt":"2023-06-29T07:27:22","slug":"mezikrajove-utkani-druzstev-starsiho-zactva","status":"publish","type":"post","link":"https:\/\/www.kasolomouc.cz\/index.php\/2023\/06\/29\/mezikrajove-utkani-druzstev-starsiho-zactva\/","title":{"rendered":"Mezikrajov\u00e9 utk\u00e1n\u00ed dru\u017estev star\u0161\u00edho \u017eactva"},"content":{"rendered":"<div class=\"xdj266r x11i5rnm xat24cr x1mh8g0r x1vvkbs x126k92a\">\n<div dir=\"auto\">Na mezikrajov\u00e9m \u010dty\u0159utk\u00e1n\u00ed dru\u017estev star\u0161\u00edho \u017eactva Moravskoslezsk\u00fdch kraj\u016f obsadil v\u00fdb\u011br Olomouck\u00e9ho kraje v nabit\u00e9 sout\u011b\u017ei v\u00fdborn\u00e9 druh\u00e9 m\u00edsto.<\/div>\n<\/div>\n<p><!--more--><\/p>\n<div class=\"x11i5rnm xat24cr x1mh8g0r x1vvkbs xtlvy1s x126k92a\">\n<div dir=\"auto\">V ned\u011bli 25. 6. 2023 se v Olomouci konalo obl\u00edben\u00e1 sout\u011b\u017e dru\u017estev krajsk\u00fdch v\u00fdb\u011br\u016f star\u0161\u00edho \u017eactva. V\u00fdb\u011br Olomouck\u00e9ho kraje si vedl opravdu skv\u011ble. V nabit\u00e9 sout\u011b\u017ei vybojoval v\u00fdborn\u00e9 druh\u00e9 m\u00edsto.<\/div>\n<div dir=\"auto\"><\/div>\n<div dir=\"auto\">1. Jihomoravsk\u00fd kraj 316 bod\u016f<\/div>\n<div dir=\"auto\"><strong>2. Olomouck\u00fd kraj 284 bod\u016f<\/strong><\/div>\n<div dir=\"auto\">3. Moravskoslezsk\u00fd kraj 243 bod\u016f<\/div>\n<div dir=\"auto\">4. Zl\u00ednsk\u00fd kraj 216 bod\u016f<\/div>\n<\/div>\n<div dir=\"auto\"><\/div>\n<div dir=\"auto\"><strong>Kompletn\u00ed v\u00fdsledky <a href=\"https:\/\/online.atletika.cz\/vysledky\/69648\">zde.<\/a><\/strong><\/div>\n<div dir=\"auto\"><\/div>\n<div dir=\"auto\"><img loading=\"lazy\" decoding=\"async\" class=\"aligncenter size-large wp-image-1851\" src=\"http:\/\/www.kasolomouc.cz\/wp-content\/uploads\/2023\/06\/DSC_0533-1024x685.jpg\" alt=\"\" width=\"1024\" height=\"685\" srcset=\"https:\/\/www.kasolomouc.cz\/wp-content\/uploads\/2023\/06\/DSC_0533-1024x685.jpg 1024w, https:\/\/www.kasolomouc.cz\/wp-content\/uploads\/2023\/06\/DSC_0533-300x201.jpg 300w, https:\/\/www.kasolomouc.cz\/wp-content\/uploads\/2023\/06\/DSC_0533-768x514.jpg 768w, https:\/\/www.kasolomouc.cz\/wp-content\/uploads\/2023\/06\/DSC_0533.jpg 1872w\" sizes=\"auto, (max-width: 1024px) 100vw, 1024px\" \/><\/div>\n<div dir=\"auto\"><\/div>\n<div dir=\"auto\">V\u00fdbor Krajsk\u00e9ho atletick\u00e9ho svazu Olomouc d\u011bkuje v\u0161em z\u00e1vodn\u00edk\u016fm za vynikaj\u00edc\u00ed reprezentaci a p\u0159edveden\u00e9 v\u00fdkony a tren\u00e9r\u016fm za v\u00fdbornou p\u0159\u00edpravu na jeden z vrchol\u016f jarn\u00ed \u010d\u00e1sti atletick\u00e9 sez\u00f3ny.<\/div>\n","protected":false},"excerpt":{"rendered":"<p>Na mezikrajov\u00e9m \u010dty\u0159utk\u00e1n\u00ed dru\u017estev star\u0161\u00edho \u017eactva Moravskoslezsk\u00fdch kraj\u016f obsadil v\u00fdb\u011br Olomouck\u00e9ho kraje v nabit\u00e9 sout\u011b\u017ei v\u00fdborn\u00e9 druh\u00e9 m\u00edsto.<\/p>\n","protected":false},"author":3,"featured_media":1851,"comment_status":"closed","ping_status":"closed","sticky":false,"template":"","format":"standard","meta":{"footnotes":""},"categories":[1],"tags":[],"class_list":["entry","author-robert","has-more-link","post-1847","post","type-post","status-publish","format-standard","has-post-thumbnail","category-aktualne"],"_links":{"self":[{"href":"https:\/\/www.kasolomouc.cz\/index.php\/wp-json\/wp\/v2\/posts\/1847","targetHints":{"allow":["GET"]}}],"collection":[{"href":"https:\/\/www.kasolomouc.cz\/index.php\/wp-json\/wp\/v2\/posts"}],"about":[{"href":"https:\/\/www.kasolomouc.cz\/index.php\/wp-json\/wp\/v2\/types\/post"}],"author":[{"embeddable":true,"href":"https:\/\/www.kasolomouc.cz\/index.php\/wp-json\/wp\/v2\/users\/3"}],"replies":[{"embeddable":true,"href":"https:\/\/www.kasolomouc.cz\/index.php\/wp-json\/wp\/v2\/comments?post=1847"}],"version-history":[{"count":4,"href":"https:\/\/www.kasolomouc.cz\/index.php\/wp-json\/wp\/v2\/posts\/1847\/revisions"}],"predecessor-version":[{"id":1854,"href":"https:\/\/www.kasolomouc.cz\/index.php\/wp-json\/wp\/v2\/posts\/1847\/revisions\/1854"}],"wp:featuredmedia":[{"embeddable":true,"href":"https:\/\/www.kasolomouc.cz\/index.php\/wp-json\/wp\/v2\/media\/1851"}],"wp:attachment":[{"href":"https:\/\/www.kasolomouc.cz\/index.php\/wp-json\/wp\/v2\/media?parent=1847"}],"wp:term":[{"taxonomy":"category","embeddable":true,"href":"https:\/\/www.kasolomouc.cz\/index.php\/wp-json\/wp\/v2\/categories?post=1847"},{"taxonomy":"post_tag","embeddable":true,"href":"https:\/\/www.kasolomouc.cz\/index.php\/wp-json\/wp\/v2\/tags?post=1847"}],"curies":[{"name":"wp","href":"https:\/\/api.w.org\/{rel}","templated":true}]}}