{"id":1684,"date":"2022-12-14T09:10:46","date_gmt":"2022-12-14T09:10:46","guid":{"rendered":"http:\/\/www.kasolomouc.cz\/?p=1684"},"modified":"2022-12-14T09:10:46","modified_gmt":"2022-12-14T09:10:46","slug":"mezikrajove-utkani-starsiho-zactva-2022","status":"publish","type":"post","link":"https:\/\/www.kasolomouc.cz\/index.php\/2022\/12\/14\/mezikrajove-utkani-starsiho-zactva-2022\/","title":{"rendered":"Mezikrajov\u00e9 utk\u00e1n\u00ed star\u0161\u00edho \u017eactva 2022"},"content":{"rendered":"<p style=\"text-align: justify;\">V sobotu 10. 12. 2022 se v Praze uskute\u010dnilo tradi\u010dn\u00ed p\u0159edv\u00e1no\u010dn\u00ed Mezikrajov\u00e9 utk\u00e1n\u00ed dru\u017estev star\u0161\u00edho \u017eactva.\u00a0<span id=\"more-770\"><\/span>V\u00fdprava Olomouck\u00e9ho kraje sice letos bohu\u017eel odjela bez zisku cenn\u00e9ho kovu i p\u0159esto bylo ze strany reprezentant\u016f Olomouck\u00e9ho kraje k vid\u011bn\u00ed n\u011bkolik vynikaj\u00edc\u00edch v\u00fdkon\u016f. V\u00edce ve \u010dl\u00e1nku&#8230;<!--more-->V leto\u0161n\u00edm roce obsadilo dru\u017estvo d\u00edvek 7. m\u00edsto a dru\u017estvo chlapc\u016f 8. m\u00edsto. O nejv\u00fdrazn\u011bj\u0161\u00ed v\u00fdkon na\u0161\u00ed reprezentace se postarala <strong>Johanka \u0160af\u00e1\u0159ov\u00e1 z AK Olomouc<\/strong>, kter\u00e1 zv\u00edt\u011bzila v b\u011bhu na 300 metr\u016f \u017e\u00e1ky\u0148 vynikaj\u00edc\u00edm v\u00fdkonem 39,57 s. T\u00edmto \u010dasem se dostala do \u010dela republikov\u00fdch statistik 2022 a za\u0159adila se na 2. m\u00edsto dlouhodob\u00fdch statistik \u010cR. Dal\u0161\u00ed v\u00fdrazn\u00fd p\u0159\u00edd\u011bl bod\u016f pro dru\u017estvo z\u00edskala za 2. m\u00edsto v b\u011bhu na 60 metr\u016f za \u010das 7,85 s. (7,82 s. v rozb\u011bhu).<\/p>\n<p style=\"text-align: justify;\">Oporou na\u0161eho dru\u017estva byla tak\u00e9 <strong>Ema Berkov\u00e1 z TJ \u0160umperk<\/strong>. Ema vybojovala 2. m\u00edsto v b\u011bhu na 800 metr\u016f v \u010dase 2:18,41 min.<\/p>\n<p style=\"text-align: justify;\">4. m\u00edsto, nov\u00fd osobn\u00ed rekord a p\u0159\u00edd\u011bl 11 bod\u016f pro dru\u017estvo vybojoval ve vrhu koul\u00ed <strong>olomouck\u00fd Vojt\u011bch Herinek<\/strong> za 14,96 metr\u016f.<\/p>\n<p style=\"text-align: justify;\">Tradi\u010dn\u011b silnou jsme m\u011bli tak\u00e9 \u0161tafetu MIX na 6&#215;200 metr\u016f. \u0160tafeta ve slo\u017een\u00ed <strong>Mand\u00e1k (Atletika Z\u00e1b\u0159eh), Tich\u00e1 (SK P\u0159erov), Berkov\u00e1 (TJ \u0160umperk), Hus, \u0160pi\u010dka, \u0160af\u00e1\u0159ov\u00e1 (AK Olomouc)<\/strong> \u010dasem 2:30,70 min. skon\u010dila na 2. m\u00edst\u011b.<\/p>\n<p style=\"text-align: justify;\">D\u011bkujeme v\u0161em atlet\u016fm a tren\u00e9r\u016fm za vzornou reprezentaci Olomouck\u00e9ho kraje.<\/p>\n<p>Kompletn\u00ed v\u00fdsledky z\u00e1vodu\u00a0<a href=\"https:\/\/online.atletika.cz\/vysledky\/65926\/\">zde<\/a>.<\/p>\n<p><img loading=\"lazy\" decoding=\"async\" class=\"aligncenter size-large wp-image-1686\" src=\"http:\/\/www.kasolomouc.cz\/wp-content\/uploads\/2022\/12\/Photo-14.12.2022-10-09-54-1024x630.jpg\" alt=\"\" width=\"1024\" height=\"630\" srcset=\"https:\/\/www.kasolomouc.cz\/wp-content\/uploads\/2022\/12\/Photo-14.12.2022-10-09-54-1024x630.jpg 1024w, https:\/\/www.kasolomouc.cz\/wp-content\/uploads\/2022\/12\/Photo-14.12.2022-10-09-54-300x185.jpg 300w, https:\/\/www.kasolomouc.cz\/wp-content\/uploads\/2022\/12\/Photo-14.12.2022-10-09-54-768x472.jpg 768w, https:\/\/www.kasolomouc.cz\/wp-content\/uploads\/2022\/12\/Photo-14.12.2022-10-09-54.jpg 1395w\" sizes=\"auto, (max-width: 1024px) 100vw, 1024px\" \/><\/p>\n","protected":false},"excerpt":{"rendered":"<p>V sobotu 10. 12. 2022 se v Praze uskute\u010dnilo tradi\u010dn\u00ed p\u0159edv\u00e1no\u010dn\u00ed Mezikrajov\u00e9 utk\u00e1n\u00ed dru\u017estev star\u0161\u00edho \u017eactva.\u00a0V\u00fdprava Olomouck\u00e9ho kraje sice letos bohu\u017eel odjela bez zisku cenn\u00e9ho kovu i p\u0159esto bylo ze strany reprezentant\u016f Olomouck\u00e9ho kraje k vid\u011bn\u00ed n\u011bkolik vynikaj\u00edc\u00edch v\u00fdkon\u016f. V\u00edce ve \u010dl\u00e1nku&#8230;<\/p>\n","protected":false},"author":3,"featured_media":1686,"comment_status":"closed","ping_status":"closed","sticky":false,"template":"","format":"standard","meta":{"footnotes":""},"categories":[1],"tags":[],"class_list":["entry","author-robert","has-more-link","post-1684","post","type-post","status-publish","format-standard","has-post-thumbnail","category-aktualne"],"_links":{"self":[{"href":"https:\/\/www.kasolomouc.cz\/index.php\/wp-json\/wp\/v2\/posts\/1684","targetHints":{"allow":["GET"]}}],"collection":[{"href":"https:\/\/www.kasolomouc.cz\/index.php\/wp-json\/wp\/v2\/posts"}],"about":[{"href":"https:\/\/www.kasolomouc.cz\/index.php\/wp-json\/wp\/v2\/types\/post"}],"author":[{"embeddable":true,"href":"https:\/\/www.kasolomouc.cz\/index.php\/wp-json\/wp\/v2\/users\/3"}],"replies":[{"embeddable":true,"href":"https:\/\/www.kasolomouc.cz\/index.php\/wp-json\/wp\/v2\/comments?post=1684"}],"version-history":[{"count":2,"href":"https:\/\/www.kasolomouc.cz\/index.php\/wp-json\/wp\/v2\/posts\/1684\/revisions"}],"predecessor-version":[{"id":1687,"href":"https:\/\/www.kasolomouc.cz\/index.php\/wp-json\/wp\/v2\/posts\/1684\/revisions\/1687"}],"wp:featuredmedia":[{"embeddable":true,"href":"https:\/\/www.kasolomouc.cz\/index.php\/wp-json\/wp\/v2\/media\/1686"}],"wp:attachment":[{"href":"https:\/\/www.kasolomouc.cz\/index.php\/wp-json\/wp\/v2\/media?parent=1684"}],"wp:term":[{"taxonomy":"category","embeddable":true,"href":"https:\/\/www.kasolomouc.cz\/index.php\/wp-json\/wp\/v2\/categories?post=1684"},{"taxonomy":"post_tag","embeddable":true,"href":"https:\/\/www.kasolomouc.cz\/index.php\/wp-json\/wp\/v2\/tags?post=1684"}],"curies":[{"name":"wp","href":"https:\/\/api.w.org\/{rel}","templated":true}]}}