{"id":1676,"date":"2022-11-28T12:02:05","date_gmt":"2022-11-28T12:02:05","guid":{"rendered":"http:\/\/www.kasolomouc.cz\/?p=1676"},"modified":"2022-11-28T12:02:05","modified_gmt":"2022-11-28T12:02:05","slug":"finale-bezeckeho-poharu-mladeze-letos-bez-medaile","status":"publish","type":"post","link":"https:\/\/www.kasolomouc.cz\/index.php\/2022\/11\/28\/finale-bezeckeho-poharu-mladeze-letos-bez-medaile\/","title":{"rendered":"Fin\u00e1le b\u011b\u017eeck\u00e9ho poh\u00e1ru ml\u00e1de\u017ee letos bez medaile"},"content":{"rendered":"<p>V term\u00ednu 26. 11. 2022 prob\u011bhlo v r\u00e1mci Mistrovstv\u00ed \u010cesk\u00e9 republiky v p\u0159espoln\u00edm b\u011bhu tak\u00e9 ji\u017e tradi\u010dn\u00ed celost\u00e1tn\u00ed fin\u00e1le b\u011b\u017eeck\u00e9ho poh\u00e1ru ml\u00e1de\u017ee. Jak si vedly na\u0161e \u0161tafety si p\u0159e\u010dt\u011bte ve \u010dl\u00e1nku&#8230;<!--more--><\/p>\n<p>Reprezentace Olomouck\u00e9ho kraje bohu\u017eel nenav\u00e1zala na vynikaj\u00edc\u00ed \u00fasp\u011bchy z p\u0159edchoz\u00edch ro\u010dn\u00edk\u016f a odjela letos bez medaile.<\/p>\n<p><img loading=\"lazy\" decoding=\"async\" class=\"aligncenter size-full wp-image-1677\" src=\"http:\/\/www.kasolomouc.cz\/wp-content\/uploads\/2022\/11\/Photo-28.11.2022-10-24-26.jpg\" alt=\"\" width=\"992\" height=\"744\" srcset=\"https:\/\/www.kasolomouc.cz\/wp-content\/uploads\/2022\/11\/Photo-28.11.2022-10-24-26.jpg 992w, https:\/\/www.kasolomouc.cz\/wp-content\/uploads\/2022\/11\/Photo-28.11.2022-10-24-26-300x225.jpg 300w, https:\/\/www.kasolomouc.cz\/wp-content\/uploads\/2022\/11\/Photo-28.11.2022-10-24-26-768x576.jpg 768w\" sizes=\"auto, (max-width: 992px) 100vw, 992px\" \/><\/p>\n<p>\u0160tafeta mlad\u0161\u00edho \u017eactva ve slo\u017een\u00ed Mikul\u00e1\u0161 Po\u0161tulka (TJ Sokol Nov\u00e1 Hrade\u010dn\u00e1), Maty\u00e1\u0161 \u0158eh\u00e1k (AK Olomouc), Sabina Tvrdo\u0148ov\u00e1 (SK Hranice) a Kl\u00e1ra N\u011bmcov\u00e1 (AK Prost\u011bjov) skon\u010dila na 11. m\u00edst\u011b.<\/p>\n<p>\u0160tafeta star\u0161\u00edho \u017eactva ve slo\u017een\u00ed Tobi\u00e1\u0161 Toman (AK Olomouc), Dan Nesvadba (AK \u0160ternberk), Ema Berkov\u00e1 (TJ \u0160umperk) a Kl\u00e1ra Fendrychov\u00e1 (AK Olomouc) skon\u010dila na 9. m\u00edst\u011b.<\/p>\n<p>\u0160tafeta dorostu ve slo\u017een\u00ed Filip Coufal (AK Olomouc), \u0160imon Spurn\u00fd (AK \u0160ternberk), Ema Klimentov\u00e1 (AK \u0160ternberk) a Hana Sk\u00e1celov\u00e1 (AK Olomouc) vybojovala na\u0161e nejlep\u0161\u00ed um\u00edst\u011bn\u00ed a skon\u010dila na 5. m\u00edst\u011b.<\/p>\n<p>V\u00fdsledky fin\u00e1le b\u011b\u017eeck\u00e9ho poh\u00e1ru\u00a0<a href=\"https:\/\/online.atletika.cz\/vysledky\/65198\">zde.<\/a><\/p>\n<p>D\u011bkujeme v\u0161em z\u00e1vodn\u00edk\u016fm za vzornou reprezentaci Olomouck\u00e9ho kraje. Pod\u011bkov\u00e1n\u00ed tak\u00e9 pat\u0159\u00ed v\u0161em tren\u00e9r\u016fm a vedouc\u00edm ve v\u00fdprav\u011b.<\/p>\n<p><img loading=\"lazy\" decoding=\"async\" class=\"aligncenter size-full wp-image-1678\" src=\"http:\/\/www.kasolomouc.cz\/wp-content\/uploads\/2022\/11\/Photo-28.11.2022-10-24-36.jpg\" alt=\"\" width=\"744\" height=\"992\" srcset=\"https:\/\/www.kasolomouc.cz\/wp-content\/uploads\/2022\/11\/Photo-28.11.2022-10-24-36.jpg 744w, https:\/\/www.kasolomouc.cz\/wp-content\/uploads\/2022\/11\/Photo-28.11.2022-10-24-36-225x300.jpg 225w\" sizes=\"auto, (max-width: 744px) 100vw, 744px\" \/><\/p>\n","protected":false},"excerpt":{"rendered":"<p>V term\u00ednu 26. 11. 2022 prob\u011bhlo v r\u00e1mci Mistrovstv\u00ed \u010cesk\u00e9 republiky v p\u0159espoln\u00edm b\u011bhu tak\u00e9 ji\u017e tradi\u010dn\u00ed celost\u00e1tn\u00ed fin\u00e1le b\u011b\u017eeck\u00e9ho poh\u00e1ru ml\u00e1de\u017ee. Jak si vedly na\u0161e \u0161tafety si p\u0159e\u010dt\u011bte ve \u010dl\u00e1nku&#8230;<\/p>\n","protected":false},"author":3,"featured_media":1677,"comment_status":"closed","ping_status":"closed","sticky":false,"template":"","format":"standard","meta":{"footnotes":""},"categories":[1],"tags":[],"class_list":["entry","author-robert","has-more-link","post-1676","post","type-post","status-publish","format-standard","has-post-thumbnail","category-aktualne"],"_links":{"self":[{"href":"https:\/\/www.kasolomouc.cz\/index.php\/wp-json\/wp\/v2\/posts\/1676","targetHints":{"allow":["GET"]}}],"collection":[{"href":"https:\/\/www.kasolomouc.cz\/index.php\/wp-json\/wp\/v2\/posts"}],"about":[{"href":"https:\/\/www.kasolomouc.cz\/index.php\/wp-json\/wp\/v2\/types\/post"}],"author":[{"embeddable":true,"href":"https:\/\/www.kasolomouc.cz\/index.php\/wp-json\/wp\/v2\/users\/3"}],"replies":[{"embeddable":true,"href":"https:\/\/www.kasolomouc.cz\/index.php\/wp-json\/wp\/v2\/comments?post=1676"}],"version-history":[{"count":1,"href":"https:\/\/www.kasolomouc.cz\/index.php\/wp-json\/wp\/v2\/posts\/1676\/revisions"}],"predecessor-version":[{"id":1679,"href":"https:\/\/www.kasolomouc.cz\/index.php\/wp-json\/wp\/v2\/posts\/1676\/revisions\/1679"}],"wp:featuredmedia":[{"embeddable":true,"href":"https:\/\/www.kasolomouc.cz\/index.php\/wp-json\/wp\/v2\/media\/1677"}],"wp:attachment":[{"href":"https:\/\/www.kasolomouc.cz\/index.php\/wp-json\/wp\/v2\/media?parent=1676"}],"wp:term":[{"taxonomy":"category","embeddable":true,"href":"https:\/\/www.kasolomouc.cz\/index.php\/wp-json\/wp\/v2\/categories?post=1676"},{"taxonomy":"post_tag","embeddable":true,"href":"https:\/\/www.kasolomouc.cz\/index.php\/wp-json\/wp\/v2\/tags?post=1676"}],"curies":[{"name":"wp","href":"https:\/\/api.w.org\/{rel}","templated":true}]}}