{"id":1648,"date":"2022-09-12T07:17:20","date_gmt":"2022-09-12T07:17:20","guid":{"rendered":"http:\/\/www.kasolomouc.cz\/?p=1648"},"modified":"2022-09-12T07:18:26","modified_gmt":"2022-09-12T07:18:26","slug":"sportuj-jako-zatopkovi-19-9-2022","status":"publish","type":"post","link":"https:\/\/www.kasolomouc.cz\/index.php\/2022\/09\/12\/sportuj-jako-zatopkovi-19-9-2022\/","title":{"rendered":"Sportuj jako Z\u00e1topkovi 19. 9. 2022"},"content":{"rendered":"<p style=\"text-align: justify;\">V pond\u011bl\u00ed 19. 9. 2022 si p\u0159ipomeneme stolet\u00e9 v\u00fdro\u010d\u00ed narozen\u00ed legend \u010desk\u00e9 atletiky Dany a Emila Z\u00e1topkov\u00fdch. V souvislosti s t\u00edmto v\u00fdro\u010d\u00edm p\u0159ipravil \u010cesk\u00fd atletick\u00fd svaz projekt &#8222;Sportuj jako Z\u00e1topkovi&#8220;. V\u00edce informac\u00ed ve \u010dl\u00e1nku. <!--more--><\/p>\n<p style=\"text-align: justify;\">V tento den prob\u011bhnou na 100 atletick\u00fdch stadionech nap\u0159\u00ed\u010d \u010ceskou republikou atletick\u00e9 z\u00e1vody a sout\u011b\u017ee prim\u00e1rn\u011b zam\u011b\u0159en\u00e9 na hod a b\u011bh, tedy discipl\u00edny, ve kter\u00fdch se slavn\u00fd p\u00e1r proslavil po cel\u00e9m sv\u011bt\u011b. V Olomouck\u00e9m kraji se sout\u011b\u017ee a z\u00e1vody uskute\u010dn\u00ed na 7 m\u00edstech a p\u0159edpokl\u00e1d\u00e1me \u00fa\u010dast v\u00edce ne\u017e 800 atlet\u016f a atletek.<\/p>\n<p><img loading=\"lazy\" decoding=\"async\" class=\"aligncenter size-large wp-image-1649\" src=\"http:\/\/www.kasolomouc.cz\/wp-content\/uploads\/2022\/09\/Z\u00e1topci-1024x683.jpg\" alt=\"\" width=\"1024\" height=\"683\" srcset=\"https:\/\/www.kasolomouc.cz\/wp-content\/uploads\/2022\/09\/Z\u00e1topci-1024x683.jpg 1024w, https:\/\/www.kasolomouc.cz\/wp-content\/uploads\/2022\/09\/Z\u00e1topci-300x200.jpg 300w, https:\/\/www.kasolomouc.cz\/wp-content\/uploads\/2022\/09\/Z\u00e1topci-768x512.jpg 768w, https:\/\/www.kasolomouc.cz\/wp-content\/uploads\/2022\/09\/Z\u00e1topci.jpg 1291w\" sizes=\"auto, (max-width: 1024px) 100vw, 1024px\" \/><\/p>\n<p style=\"text-align: justify;\">Stolet\u00e9 v\u00fdro\u010d\u00ed narozen\u00ed Emila a Dany Z\u00e1topkov\u00fdch vn\u00edm\u00e1me jako v\u00fdznamn\u00e9 p\u0159ipomenut\u00ed odkazu legend\u00e1rn\u00ed sportovn\u00ed dvojice a r\u00e1di bychom, aby rezonovalo nap\u0159\u00ed\u010d na\u0161\u00ed spole\u010dnost\u00ed. Pr\u00e1v\u011b takov\u00fd efekt by m\u011bl projekt \u201eSportuj jako Z\u00e1topkovi\u201c p\u0159in\u00e9st. P\u016fjde z\u00e1rove\u0148 o oslavu na\u0161eho sportu s t\u00edm, abychom op\u011bt p\u0159ivedli co nejv\u00edce d\u011bt\u00ed a ml\u00e1de\u017ee k pohybu a k atletice a vyu\u017eili tuto akci nap\u0159\u00edklad tak\u00e9 jako n\u00e1borovou nebo p\u0159\u00edle\u017eitost si zasportovat, zaz\u00e1vodit a p\u0159isp\u011bt tak k tomu, aby si na\u0161e spole\u010dnost uv\u011bdomila nutnost sportov\u00e1n\u00ed pro d\u011bti ji\u017e od mali\u010dka a nau\u010den\u00ed se z\u00e1kladn\u00edch pohybov\u00fdch dovednost\u00ed.<\/p>\n<p>&nbsp;<\/p>\n","protected":false},"excerpt":{"rendered":"<p>V pond\u011bl\u00ed 19. 9. 2022 si p\u0159ipomeneme stolet\u00e9 v\u00fdro\u010d\u00ed narozen\u00ed legend \u010desk\u00e9 atletiky Dany a Emila Z\u00e1topkov\u00fdch. V souvislosti s t\u00edmto v\u00fdro\u010d\u00edm p\u0159ipravil \u010cesk\u00fd atletick\u00fd svaz projekt &#8222;Sportuj jako Z\u00e1topkovi&#8220;. V\u00edce informac\u00ed ve \u010dl\u00e1nku.<\/p>\n","protected":false},"author":3,"featured_media":1649,"comment_status":"closed","ping_status":"closed","sticky":false,"template":"","format":"standard","meta":{"footnotes":""},"categories":[1],"tags":[],"class_list":["entry","author-robert","has-more-link","post-1648","post","type-post","status-publish","format-standard","has-post-thumbnail","category-aktualne"],"_links":{"self":[{"href":"https:\/\/www.kasolomouc.cz\/index.php\/wp-json\/wp\/v2\/posts\/1648","targetHints":{"allow":["GET"]}}],"collection":[{"href":"https:\/\/www.kasolomouc.cz\/index.php\/wp-json\/wp\/v2\/posts"}],"about":[{"href":"https:\/\/www.kasolomouc.cz\/index.php\/wp-json\/wp\/v2\/types\/post"}],"author":[{"embeddable":true,"href":"https:\/\/www.kasolomouc.cz\/index.php\/wp-json\/wp\/v2\/users\/3"}],"replies":[{"embeddable":true,"href":"https:\/\/www.kasolomouc.cz\/index.php\/wp-json\/wp\/v2\/comments?post=1648"}],"version-history":[{"count":3,"href":"https:\/\/www.kasolomouc.cz\/index.php\/wp-json\/wp\/v2\/posts\/1648\/revisions"}],"predecessor-version":[{"id":1652,"href":"https:\/\/www.kasolomouc.cz\/index.php\/wp-json\/wp\/v2\/posts\/1648\/revisions\/1652"}],"wp:featuredmedia":[{"embeddable":true,"href":"https:\/\/www.kasolomouc.cz\/index.php\/wp-json\/wp\/v2\/media\/1649"}],"wp:attachment":[{"href":"https:\/\/www.kasolomouc.cz\/index.php\/wp-json\/wp\/v2\/media?parent=1648"}],"wp:term":[{"taxonomy":"category","embeddable":true,"href":"https:\/\/www.kasolomouc.cz\/index.php\/wp-json\/wp\/v2\/categories?post=1648"},{"taxonomy":"post_tag","embeddable":true,"href":"https:\/\/www.kasolomouc.cz\/index.php\/wp-json\/wp\/v2\/tags?post=1648"}],"curies":[{"name":"wp","href":"https:\/\/api.w.org\/{rel}","templated":true}]}}