{"id":1443,"date":"2022-02-04T10:04:28","date_gmt":"2022-02-04T10:04:28","guid":{"rendered":"http:\/\/www.kasolomouc.cz\/?p=1443"},"modified":"2022-02-04T10:04:28","modified_gmt":"2022-02-04T10:04:28","slug":"stafeta-olomouckeho-kraje-na-czech-indoor-gala-2022","status":"publish","type":"post","link":"https:\/\/www.kasolomouc.cz\/index.php\/2022\/02\/04\/stafeta-olomouckeho-kraje-na-czech-indoor-gala-2022\/","title":{"rendered":"\u0160tafeta Olomouck\u00e9ho kraje na Czech Indoor Gala 2022"},"content":{"rendered":"<p style=\"text-align: justify;\">Na nejv\u011bt\u0161\u00edm dom\u00e1c\u00edm halov\u00e9m m\u00edtinku Czech Indoor Gala v Ostrav\u011b se uskute\u010dnil tak\u00e9 ji\u017e tradi\u010dn\u00ed z\u00e1vod krajsk\u00fdch sm\u00ed\u0161en\u00fdch \u0161tafet junior\u016f a juniorek na 4\u00d7400 metr\u016f. Kdo n\u00e1s reprezentoval a jak si na\u0161e \u0161tafeta vedla naleznete v p\u0159\u00edsp\u011bvku.<!--more--><span id=\"more-1167\"><\/span><\/p>\n<p style=\"text-align: justify;\">Olomouck\u00fd kraj reprezentovali\u00a0<strong>Karel Brychta<\/strong>\u00a0(AK Olomouc),\u00a0<strong>Alois H\u0159eb\u00ed\u010dek<\/strong>\u00a0(AK \u0160ternberk),\u00a0<strong>Ad\u00e9la Dost\u00e1lov\u00e1<\/strong>\u00a0(SK Hranice) a\u00a0<strong>Marie \u0160kopov\u00e1<\/strong>\u00a0(TJ \u0160umperk). \u0160tafeta Olomouck\u00e9ho kraje state\u010dn\u011b bojovala na \u010deln\u00ed pozici je\u0161t\u011b v polovin\u011b z\u00e1vodu. Bohu\u017eel v\u0161ak na t\u0159et\u00ed p\u0159ed\u00e1vce do\u0161lo ke kolizi a na\u0161\u00ed \u0161tafet\u011b upadnul kol\u00edk. Nakonec na\u0161e \u0161tafeta i p\u0159es tuto fat\u00e1ln\u00ed chybu zab\u011bhla \u010das 3:43,81 a skon\u010dila na 3. m\u00edst\u011b.<\/p>\n<p style=\"text-align: justify;\">Gratulujeme a d\u011bkujeme za vzornou reprezentaci Olomouck\u00e9ho kraje.<\/p>\n<p><img loading=\"lazy\" decoding=\"async\" class=\"aligncenter size-large wp-image-1444\" src=\"http:\/\/www.kasolomouc.cz\/wp-content\/uploads\/2022\/02\/Photo-04.02.2022-10-30-27-1024x768.jpg\" alt=\"\" width=\"1024\" height=\"768\" srcset=\"https:\/\/www.kasolomouc.cz\/wp-content\/uploads\/2022\/02\/Photo-04.02.2022-10-30-27-1024x768.jpg 1024w, https:\/\/www.kasolomouc.cz\/wp-content\/uploads\/2022\/02\/Photo-04.02.2022-10-30-27-300x225.jpg 300w, https:\/\/www.kasolomouc.cz\/wp-content\/uploads\/2022\/02\/Photo-04.02.2022-10-30-27-768x576.jpg 768w, https:\/\/www.kasolomouc.cz\/wp-content\/uploads\/2022\/02\/Photo-04.02.2022-10-30-27.jpg 1304w\" sizes=\"auto, (max-width: 1024px) 100vw, 1024px\" \/><\/p>\n","protected":false},"excerpt":{"rendered":"<p>Na nejv\u011bt\u0161\u00edm dom\u00e1c\u00edm halov\u00e9m m\u00edtinku Czech Indoor Gala v Ostrav\u011b se uskute\u010dnil tak\u00e9 ji\u017e tradi\u010dn\u00ed z\u00e1vod krajsk\u00fdch sm\u00ed\u0161en\u00fdch \u0161tafet junior\u016f a juniorek na 4\u00d7400 metr\u016f. Kdo n\u00e1s reprezentoval a jak si na\u0161e \u0161tafeta vedla naleznete v p\u0159\u00edsp\u011bvku.<\/p>\n","protected":false},"author":3,"featured_media":1444,"comment_status":"closed","ping_status":"closed","sticky":false,"template":"","format":"standard","meta":{"footnotes":""},"categories":[1],"tags":[],"class_list":["entry","author-robert","has-more-link","post-1443","post","type-post","status-publish","format-standard","has-post-thumbnail","category-aktualne"],"_links":{"self":[{"href":"https:\/\/www.kasolomouc.cz\/index.php\/wp-json\/wp\/v2\/posts\/1443","targetHints":{"allow":["GET"]}}],"collection":[{"href":"https:\/\/www.kasolomouc.cz\/index.php\/wp-json\/wp\/v2\/posts"}],"about":[{"href":"https:\/\/www.kasolomouc.cz\/index.php\/wp-json\/wp\/v2\/types\/post"}],"author":[{"embeddable":true,"href":"https:\/\/www.kasolomouc.cz\/index.php\/wp-json\/wp\/v2\/users\/3"}],"replies":[{"embeddable":true,"href":"https:\/\/www.kasolomouc.cz\/index.php\/wp-json\/wp\/v2\/comments?post=1443"}],"version-history":[{"count":1,"href":"https:\/\/www.kasolomouc.cz\/index.php\/wp-json\/wp\/v2\/posts\/1443\/revisions"}],"predecessor-version":[{"id":1445,"href":"https:\/\/www.kasolomouc.cz\/index.php\/wp-json\/wp\/v2\/posts\/1443\/revisions\/1445"}],"wp:featuredmedia":[{"embeddable":true,"href":"https:\/\/www.kasolomouc.cz\/index.php\/wp-json\/wp\/v2\/media\/1444"}],"wp:attachment":[{"href":"https:\/\/www.kasolomouc.cz\/index.php\/wp-json\/wp\/v2\/media?parent=1443"}],"wp:term":[{"taxonomy":"category","embeddable":true,"href":"https:\/\/www.kasolomouc.cz\/index.php\/wp-json\/wp\/v2\/categories?post=1443"},{"taxonomy":"post_tag","embeddable":true,"href":"https:\/\/www.kasolomouc.cz\/index.php\/wp-json\/wp\/v2\/tags?post=1443"}],"curies":[{"name":"wp","href":"https:\/\/api.w.org\/{rel}","templated":true}]}}