{"id":1380,"date":"2021-11-14T10:55:10","date_gmt":"2021-11-14T10:55:10","guid":{"rendered":"http:\/\/www.kasolomouc.cz\/?p=1380"},"modified":"2021-11-14T10:55:10","modified_gmt":"2021-11-14T10:55:10","slug":"mladsi-zaci-zs-heyrovskeho-stribrni-na-finale-poharu-rozhlasu-2021","status":"publish","type":"post","link":"https:\/\/www.kasolomouc.cz\/index.php\/2021\/11\/14\/mladsi-zaci-zs-heyrovskeho-stribrni-na-finale-poharu-rozhlasu-2021\/","title":{"rendered":"Mlad\u0161\u00ed \u017e\u00e1ci Z\u0160 Heyrovsk\u00e9ho st\u0159\u00edbrn\u00ed na fin\u00e1le Poh\u00e1ru rozhlasu 2021"},"content":{"rendered":"<p style=\"text-align: justify;\">Ve st\u0159edu 6. 10. 2021 prob\u011bhlo v Uhersk\u00e9m Hradi\u0161ti Republikov\u00e9 fin\u00e1le Poh\u00e1ru rozhlasu 2021. Leto\u0161n\u00ed ro\u010dn\u00edk sout\u011b\u017ee byl op\u011bt poznamen\u00e1n koronavirovou kriz\u00ed a prob\u011bhlo pouze toto celost\u00e1tn\u00ed fin\u00e1le bez p\u0159edchoz\u00edch okresn\u00edch a krajsk\u00fdch kol. Z Olomouck\u00e9ho kraje byla pozv\u00e1na Z\u0160 Heyrovsk\u00e9ho v kategori\u00edch mlad\u0161\u00edch i star\u0161\u00edch chlapc\u016f i v kategorii mlad\u0161\u00edch d\u00edvek jako tradi\u010dn\u00ed \u00fa\u010dastn\u00edk celost\u00e1tn\u00edch kol. Jak se reprezentant\u016fm na\u0161eho kraje da\u0159ilo se dozv\u00edte v \u010dl\u00e1nku\u2026<!--more--><\/p>\n<p style=\"text-align: justify;\">Nej\u00fasp\u011b\u0161n\u011bj\u0161\u00ed dru\u017estvo ze Z\u0160 Heyrovsk\u00e9ho bylo v kategorii mlad\u0161\u00edch \u017e\u00e1k\u016f. Po korektu\u0159e v\u00fdsledk\u016f z\u00edskali kluci st\u0159\u00edbrn\u00e9 medaile ziskem 4260 bod\u016f. Napodobit chlapce se sna\u017eili tak\u00e9 mlad\u0161\u00ed d\u00edvky. Ty nakonec ziskem 4728 bod\u016f skon\u010dily na nepopul\u00e1rn\u00ed 4. p\u0159\u00ed\u010dce. Z\u0160 Heyrovsk\u00e9ho je\u0161t\u011b reprezentovalo dru\u017estvo stra\u0161\u00edch \u017e\u00e1k\u016f, kter\u00e9 skon\u010dilo na 6. m\u00edst\u011b.<\/p>\n<figure id=\"attachment_1382\" aria-describedby=\"caption-attachment-1382\" style=\"width: 1024px\" class=\"wp-caption aligncenter\"><img loading=\"lazy\" decoding=\"async\" class=\"size-large wp-image-1382\" src=\"http:\/\/www.kasolomouc.cz\/wp-content\/uploads\/2021\/11\/hey-1024x683.jpg\" alt=\"\" width=\"1024\" height=\"683\" srcset=\"https:\/\/www.kasolomouc.cz\/wp-content\/uploads\/2021\/11\/hey-1024x683.jpg 1024w, https:\/\/www.kasolomouc.cz\/wp-content\/uploads\/2021\/11\/hey-300x200.jpg 300w, https:\/\/www.kasolomouc.cz\/wp-content\/uploads\/2021\/11\/hey-768x512.jpg 768w, https:\/\/www.kasolomouc.cz\/wp-content\/uploads\/2021\/11\/hey.jpg 1944w\" sizes=\"auto, (max-width: 1024px) 100vw, 1024px\" \/><figcaption id=\"caption-attachment-1382\" class=\"wp-caption-text\">Dru\u017estvo mlad\u0161\u00edch chlapc\u016f Z\u0160 Heyrovsk\u00e9ho na 2. m\u00edst\u011b.<\/figcaption><\/figure>\n<p>&nbsp;<\/p>\n<p>Gratulujeme a d\u011bkujeme za reprezentaci Olomouck\u00e9ho kraje.<\/p>\n<p><a href=\"https:\/\/online.atletika.cz\/vysledky\/46878\/0\/2\">Kompletn\u00ed v\u00fdsledky z\u00e1vodu.<\/a><\/p>\n<p>&nbsp;<\/p>\n","protected":false},"excerpt":{"rendered":"<p>Ve st\u0159edu 6. 10. 2021 prob\u011bhlo v Uhersk\u00e9m Hradi\u0161ti Republikov\u00e9 fin\u00e1le Poh\u00e1ru rozhlasu 2021. Leto\u0161n\u00ed ro\u010dn\u00edk sout\u011b\u017ee byl op\u011bt poznamen\u00e1n koronavirovou kriz\u00ed a prob\u011bhlo pouze toto celost\u00e1tn\u00ed fin\u00e1le bez p\u0159edchoz\u00edch okresn\u00edch a krajsk\u00fdch kol. Z Olomouck\u00e9ho kraje byla pozv\u00e1na Z\u0160 Heyrovsk\u00e9ho v kategori\u00edch mlad\u0161\u00edch i star\u0161\u00edch chlapc\u016f i v kategorii mlad\u0161\u00edch d\u00edvek jako tradi\u010dn\u00ed \u00fa\u010dastn\u00edk <a href=\"https:\/\/www.kasolomouc.cz\/index.php\/2021\/11\/14\/mladsi-zaci-zs-heyrovskeho-stribrni-na-finale-poharu-rozhlasu-2021\/\" class=\"more-link\">[&hellip;]<\/a><\/p>\n","protected":false},"author":3,"featured_media":1382,"comment_status":"closed","ping_status":"closed","sticky":false,"template":"","format":"standard","meta":{"footnotes":""},"categories":[1],"tags":[],"class_list":["entry","author-robert","has-more-link","post-1380","post","type-post","status-publish","format-standard","has-post-thumbnail","category-aktualne"],"_links":{"self":[{"href":"https:\/\/www.kasolomouc.cz\/index.php\/wp-json\/wp\/v2\/posts\/1380","targetHints":{"allow":["GET"]}}],"collection":[{"href":"https:\/\/www.kasolomouc.cz\/index.php\/wp-json\/wp\/v2\/posts"}],"about":[{"href":"https:\/\/www.kasolomouc.cz\/index.php\/wp-json\/wp\/v2\/types\/post"}],"author":[{"embeddable":true,"href":"https:\/\/www.kasolomouc.cz\/index.php\/wp-json\/wp\/v2\/users\/3"}],"replies":[{"embeddable":true,"href":"https:\/\/www.kasolomouc.cz\/index.php\/wp-json\/wp\/v2\/comments?post=1380"}],"version-history":[{"count":2,"href":"https:\/\/www.kasolomouc.cz\/index.php\/wp-json\/wp\/v2\/posts\/1380\/revisions"}],"predecessor-version":[{"id":1383,"href":"https:\/\/www.kasolomouc.cz\/index.php\/wp-json\/wp\/v2\/posts\/1380\/revisions\/1383"}],"wp:featuredmedia":[{"embeddable":true,"href":"https:\/\/www.kasolomouc.cz\/index.php\/wp-json\/wp\/v2\/media\/1382"}],"wp:attachment":[{"href":"https:\/\/www.kasolomouc.cz\/index.php\/wp-json\/wp\/v2\/media?parent=1380"}],"wp:term":[{"taxonomy":"category","embeddable":true,"href":"https:\/\/www.kasolomouc.cz\/index.php\/wp-json\/wp\/v2\/categories?post=1380"},{"taxonomy":"post_tag","embeddable":true,"href":"https:\/\/www.kasolomouc.cz\/index.php\/wp-json\/wp\/v2\/tags?post=1380"}],"curies":[{"name":"wp","href":"https:\/\/api.w.org\/{rel}","templated":true}]}}