{"id":1354,"date":"2021-09-29T05:29:58","date_gmt":"2021-09-29T05:29:58","guid":{"rendered":"http:\/\/www.kasolomouc.cz\/?p=1354"},"modified":"2021-09-30T05:52:22","modified_gmt":"2021-09-30T05:52:22","slug":"mezikrajove-utkani-druzstev-mladsiho-zactva","status":"publish","type":"post","link":"https:\/\/www.kasolomouc.cz\/index.php\/2021\/09\/29\/mezikrajove-utkani-druzstev-mladsiho-zactva\/","title":{"rendered":"Mezikrajov\u00e9 utk\u00e1n\u00ed dru\u017estev mlad\u0161\u00edho \u017eactva"},"content":{"rendered":"<p style=\"text-align: justify;\">V \u00fater\u00fd 28. 9. 2021 se v Olomouci konalo tradi\u010dn\u00ed Mezikrajov\u00e9 utk\u00e1n\u00ed dru\u017estev mlad\u0161\u00edho \u017eactva. V jedn\u00e9 z nejv\u011bt\u0161\u00edch sout\u011b\u017e\u00ed pro mlad\u0161\u00ed \u017eactvo se mezi sebou utkaly krajsk\u00e9 v\u00fdb\u011bry Moravskoslezsk\u00e9ho, Olomouck\u00e9ho, Jihomoravsk\u00e9ho, Zl\u00ednsk\u00e9ho kraje a Vyso\u010diny&#8230;\u00a0<!--more--><\/p>\n<p style=\"text-align: justify;\">Na olomouck\u00e9m stadionu byly k vid\u011bn\u00ed opravdu vynikaj\u00edc\u00ed v\u00fdkony v t\u00e9to kategorii. Z dom\u00e1c\u00edho v\u00fdb\u011bru vynikal p\u0159edev\u0161\u00edm <strong>Adam Pernica ze Z\u00e1b\u0159ehu<\/strong>. Zv\u00edt\u011bzil v b\u011bhu na 60 m p\u0159ek\u00e1\u017eek v\u00fdkonem 9,64 s., a ovl\u00e1dl tak\u00e9 s p\u0159ehledem sout\u011b\u017e d\u00e1lka\u0159\u016f, kde dos\u00e1hl vynikaj\u00edc\u00edho v\u00fdkonu 598 cm. Mezi dal\u0161\u00ed opory dom\u00e1c\u00edho t\u00fdmu pat\u0159il <strong>Filip Kappel z Nov\u00e9 Hrade\u010dn\u00e9<\/strong>. Ve vrhu koul\u00ed nena\u0161el p\u0159emo\u017eitele a zv\u00edt\u011bzil v p\u011bkn\u00e9m v\u00fdkonu 13,62 m. V t\u00e9to discipl\u00edn\u011b mu tak\u00e9 v\u00fdborn\u011b sekundoval <strong>olomouck\u00fd Metod\u011bj Pazdera<\/strong>, kter\u00fd skon\u010dil druh\u00fd za v\u00fdkon 12,33 m. Dal\u0161\u00ed d\u016fle\u017eit\u00e9 body za 2. m\u00edsto p\u0159idal Filip Kappel v hodu o\u0161t\u011bpem, kde \u00fasp\u011b\u0161n\u011b atakoval \u010dty\u0159icetimetrovou hranici a dos\u00e1hl v\u00fdkonu 40,09 m. Na pomysln\u00e9 stupn\u011b v\u00edt\u011bz\u016f dos\u00e1hl tak\u00e9 <strong>\u0160imon Kub\u00edn z Olomouce<\/strong>. Ve sprintersk\u00fdch discipl\u00edn\u00e1ch na 60 a 150 metr\u016f obsadil shodn\u011b 2. m\u00edsto v \u010dasech 7,75 a 18,85 s. Vynikaj\u00edc\u00ed v\u00fdkon na mlad\u0161\u00ed \u017e\u00e1kyni p\u0159edvedla tak\u00e9 <strong>Kate\u0159ina Zim\u00e1kov\u00e1 z R\u00fdma\u0159ova<\/strong>. Ve skoku do d\u00e1lky m\u011bla vyrovnanou s\u00e9rii na \u00farovni 5 metr\u016f a jej\u00ed nejlep\u0161\u00edm v\u00fdkonem bylo 519 cm za kter\u00e9 brala druh\u00e9 m\u00edsto.<\/p>\n<p style=\"text-align: justify;\">V\u00fdb\u011br Olomouck\u00e9ho kraje sv\u00e1d\u011bl vyrovnan\u00fd souboj s ostatn\u00edmi t\u00fdmy a\u017e do z\u00e1v\u011bre\u010dn\u00fdch \u0161tafet.\u00a0Zejm\u00e9na z d\u016fvodu ne\u0161\u0165astn\u00e9 diskvalifikace ve sm\u00ed\u0161en\u00e9 \u0161tafet\u011b na 8&#215;200 m obsadil v kone\u010dn\u00e9m sou\u010dtu nepopul\u00e1rn\u00ed 4. p\u0159\u00ed\u010dku ve spole\u010dn\u00e9 sout\u011b\u017ei.<\/p>\n<p><img loading=\"lazy\" decoding=\"async\" class=\"aligncenter size-large wp-image-1355\" src=\"http:\/\/www.kasolomouc.cz\/wp-content\/uploads\/2021\/09\/IMG_1686-1024x485.jpg\" alt=\"\" width=\"1024\" height=\"485\" srcset=\"https:\/\/www.kasolomouc.cz\/wp-content\/uploads\/2021\/09\/IMG_1686-1024x485.jpg 1024w, https:\/\/www.kasolomouc.cz\/wp-content\/uploads\/2021\/09\/IMG_1686-300x142.jpg 300w, https:\/\/www.kasolomouc.cz\/wp-content\/uploads\/2021\/09\/IMG_1686-768x364.jpg 768w\" sizes=\"auto, (max-width: 1024px) 100vw, 1024px\" \/><\/p>\n<p>D\u011bkujeme v\u0161em z\u00fa\u010dastn\u011bn\u00fdm atlet\u016fm a tren\u00e9r\u016fm Olomouck\u00e9ho kraje za reprezentaci na tomto utk\u00e1n\u00ed.<\/p>\n<p><a href=\"https:\/\/online.atletika.cz\/vysledky\/50851\/0\/2\">Kompletn\u00ed v\u00fdsledky MK\u00da.<\/a><\/p>\n","protected":false},"excerpt":{"rendered":"<p>V \u00fater\u00fd 28. 9. 2021 se v Olomouci konalo tradi\u010dn\u00ed Mezikrajov\u00e9 utk\u00e1n\u00ed dru\u017estev mlad\u0161\u00edho \u017eactva. V jedn\u00e9 z nejv\u011bt\u0161\u00edch sout\u011b\u017e\u00ed pro mlad\u0161\u00ed \u017eactvo se mezi sebou utkaly krajsk\u00e9 v\u00fdb\u011bry Moravskoslezsk\u00e9ho, Olomouck\u00e9ho, Jihomoravsk\u00e9ho, Zl\u00ednsk\u00e9ho kraje a Vyso\u010diny&#8230;\u00a0<\/p>\n","protected":false},"author":3,"featured_media":1355,"comment_status":"closed","ping_status":"closed","sticky":false,"template":"","format":"standard","meta":{"footnotes":""},"categories":[1],"tags":[],"class_list":["entry","author-robert","has-more-link","post-1354","post","type-post","status-publish","format-standard","has-post-thumbnail","category-aktualne"],"_links":{"self":[{"href":"https:\/\/www.kasolomouc.cz\/index.php\/wp-json\/wp\/v2\/posts\/1354","targetHints":{"allow":["GET"]}}],"collection":[{"href":"https:\/\/www.kasolomouc.cz\/index.php\/wp-json\/wp\/v2\/posts"}],"about":[{"href":"https:\/\/www.kasolomouc.cz\/index.php\/wp-json\/wp\/v2\/types\/post"}],"author":[{"embeddable":true,"href":"https:\/\/www.kasolomouc.cz\/index.php\/wp-json\/wp\/v2\/users\/3"}],"replies":[{"embeddable":true,"href":"https:\/\/www.kasolomouc.cz\/index.php\/wp-json\/wp\/v2\/comments?post=1354"}],"version-history":[{"count":3,"href":"https:\/\/www.kasolomouc.cz\/index.php\/wp-json\/wp\/v2\/posts\/1354\/revisions"}],"predecessor-version":[{"id":1361,"href":"https:\/\/www.kasolomouc.cz\/index.php\/wp-json\/wp\/v2\/posts\/1354\/revisions\/1361"}],"wp:featuredmedia":[{"embeddable":true,"href":"https:\/\/www.kasolomouc.cz\/index.php\/wp-json\/wp\/v2\/media\/1355"}],"wp:attachment":[{"href":"https:\/\/www.kasolomouc.cz\/index.php\/wp-json\/wp\/v2\/media?parent=1354"}],"wp:term":[{"taxonomy":"category","embeddable":true,"href":"https:\/\/www.kasolomouc.cz\/index.php\/wp-json\/wp\/v2\/categories?post=1354"},{"taxonomy":"post_tag","embeddable":true,"href":"https:\/\/www.kasolomouc.cz\/index.php\/wp-json\/wp\/v2\/tags?post=1354"}],"curies":[{"name":"wp","href":"https:\/\/api.w.org\/{rel}","templated":true}]}}