{"id":1262,"date":"2021-06-03T11:48:18","date_gmt":"2021-06-03T11:48:18","guid":{"rendered":"http:\/\/www.kasolomouc.cz\/?p=1262"},"modified":"2021-06-09T07:23:58","modified_gmt":"2021-06-09T07:23:58","slug":"atleti-spolu-den-s-ceskou-atletikou-olomoucky-kraj","status":"publish","type":"post","link":"https:\/\/www.kasolomouc.cz\/index.php\/2021\/06\/03\/atleti-spolu-den-s-ceskou-atletikou-olomoucky-kraj\/","title":{"rendered":"Atleti spolu &#8211; Den s \u010deskou atletikou, Olomouck\u00fd kraj"},"content":{"rendered":"<p style=\"text-align: justify;\">Atletick\u00e9 kluby a odd\u00edly Krajsk\u00e9ho atletick\u00e9ho svazu Olomouc se i letos zapojily do celorepublikov\u00e9 akce Atleti spolu &#8211; Den s \u010deskou atletikou. V r\u00e1mci projektu Atleti spolu se z\u00e1vodilo na 253 m\u00edstech na\u0161\u00ed zem\u011b a atletick\u00fdch kl\u00e1n\u00ed a ud\u00e1lost\u00ed se z\u00fa\u010dastnilo p\u0159es 22 tis\u00edc p\u0159\u00edznivc\u016f atletiky. <!--more-->V Olomouck\u00e9m kraji prob\u011bhly na v\u00edce ne\u017e 10 m\u00edstech v pr\u016fb\u011bhu nabit\u00e9ho dne atletick\u00e9 akce dokonce za \u00fa\u010dasti lok\u00e1ln\u00edch m\u00e9di\u00ed. A\u0165 u\u017e se jednalo o odd\u00edlov\u00e9 m\u011b\u0159en\u00e9 tr\u00e9ninky, n\u00e1borov\u00e9 akce, tr\u00e9ninky a atletick\u00e9 sout\u011b\u017ee p\u0159\u00edpravek \u010di zdravotn\u011b posti\u017een\u00fdch sportovc\u016f, nebo 1. kolo spole\u010dn\u00e9ho Krajsk\u00e9ho p\u0159eboru dru\u017estev mlad\u0161\u00edho \u017eactva Olomouck\u00e9ho kraje.<\/p>\n<p>D\u011bkujeme v\u0161em zapojen\u00fdm klub\u016fm a odd\u00edl\u016fm za \u00fa\u010dast a po\u0159adatel\u016fm za perfektn\u00ed p\u0159\u00edpravu akc\u00ed.<\/p>\n<h4><a href=\"http:\/\/www.zzip.cz\/data\/mp4.MIK%201323%2008.06.2021.mp4\"><strong>Report\u00e1\u017e z akce na TV ZZIP Olomouc od \u010dasu 20:13.<\/strong><\/a><\/h4>\n<h4><a href=\"http:\/\/www.zzip.cz\/data\/mp4.PIK%20828%2008.06.2021.mp4\"><strong>Report\u00e1\u017e z akce na TV ZZIP Prost\u011bjov od \u010dasu 18:46.<\/strong><\/a><\/h4>\n<p>Kompletn\u00ed fotogalerii z celorepublikov\u00e9 akce naleznete:<\/p>\n<p><a href=\"https:\/\/www.pohybova-gramotnost.com\/atleti-spolu\/\">Na samostatn\u00e9m webu projektu<\/a>.<\/p>\n<p><a href=\"https:\/\/www.instagram.com\/atleti_spolu\/\">Na Instagramu Atleti spolu.<\/a><\/p>\n<p><a href=\"https:\/\/online.atletika.cz\/clenska-sekce\/oddily\/adresar-oddilu\/\">Na soci\u00e1ln\u00edch s\u00edt\u00edch jednotliv\u00fdch klub\u016f a odd\u00edl\u016f KAS.<\/a><\/p>\n<p>N\u00ed\u017ee p\u00e1r vybran\u00fdch fotografi\u00ed:<\/p>\n<p><img loading=\"lazy\" decoding=\"async\" class=\"aligncenter size-large wp-image-1265\" src=\"http:\/\/www.kasolomouc.cz\/wp-content\/uploads\/2021\/06\/AK-Prost\u011bjov-3-1024x576.jpg\" alt=\"\" width=\"1024\" height=\"576\" srcset=\"https:\/\/www.kasolomouc.cz\/wp-content\/uploads\/2021\/06\/AK-Prost\u011bjov-3-1024x576.jpg 1024w, https:\/\/www.kasolomouc.cz\/wp-content\/uploads\/2021\/06\/AK-Prost\u011bjov-3-300x169.jpg 300w, https:\/\/www.kasolomouc.cz\/wp-content\/uploads\/2021\/06\/AK-Prost\u011bjov-3-768x432.jpg 768w\" sizes=\"auto, (max-width: 1024px) 100vw, 1024px\" \/><\/p>\n<p><img loading=\"lazy\" decoding=\"async\" class=\"aligncenter size-large wp-image-1263\" src=\"http:\/\/www.kasolomouc.cz\/wp-content\/uploads\/2021\/06\/AK-Olomouc-KPD3-1024x768.jpg\" alt=\"\" width=\"1024\" height=\"768\" srcset=\"https:\/\/www.kasolomouc.cz\/wp-content\/uploads\/2021\/06\/AK-Olomouc-KPD3-1024x768.jpg 1024w, https:\/\/www.kasolomouc.cz\/wp-content\/uploads\/2021\/06\/AK-Olomouc-KPD3-300x225.jpg 300w, https:\/\/www.kasolomouc.cz\/wp-content\/uploads\/2021\/06\/AK-Olomouc-KPD3-768x576.jpg 768w\" sizes=\"auto, (max-width: 1024px) 100vw, 1024px\" \/><\/p>\n<p><img loading=\"lazy\" decoding=\"async\" class=\"aligncenter size-full wp-image-1264\" src=\"http:\/\/www.kasolomouc.cz\/wp-content\/uploads\/2021\/06\/\u0161umperk.jpg\" alt=\"\" width=\"930\" height=\"698\" srcset=\"https:\/\/www.kasolomouc.cz\/wp-content\/uploads\/2021\/06\/\u0161umperk.jpg 930w, https:\/\/www.kasolomouc.cz\/wp-content\/uploads\/2021\/06\/\u0161umperk-300x225.jpg 300w, https:\/\/www.kasolomouc.cz\/wp-content\/uploads\/2021\/06\/\u0161umperk-768x576.jpg 768w\" sizes=\"auto, (max-width: 930px) 100vw, 930px\" \/><\/p>\n<p><img loading=\"lazy\" decoding=\"async\" class=\"aligncenter size-large wp-image-1266\" src=\"http:\/\/www.kasolomouc.cz\/wp-content\/uploads\/2021\/06\/hranice-1024x664.jpg\" alt=\"\" width=\"1024\" height=\"664\" srcset=\"https:\/\/www.kasolomouc.cz\/wp-content\/uploads\/2021\/06\/hranice-1024x664.jpg 1024w, https:\/\/www.kasolomouc.cz\/wp-content\/uploads\/2021\/06\/hranice-300x194.jpg 300w, https:\/\/www.kasolomouc.cz\/wp-content\/uploads\/2021\/06\/hranice-768x498.jpg 768w, https:\/\/www.kasolomouc.cz\/wp-content\/uploads\/2021\/06\/hranice.jpg 1395w\" sizes=\"auto, (max-width: 1024px) 100vw, 1024px\" \/><\/p>\n<p><img loading=\"lazy\" decoding=\"async\" class=\"aligncenter size-large wp-image-1267\" src=\"http:\/\/www.kasolomouc.cz\/wp-content\/uploads\/2021\/06\/michal2-1024x768.jpg\" alt=\"\" width=\"1024\" height=\"768\" srcset=\"https:\/\/www.kasolomouc.cz\/wp-content\/uploads\/2021\/06\/michal2-1024x768.jpg 1024w, https:\/\/www.kasolomouc.cz\/wp-content\/uploads\/2021\/06\/michal2-300x225.jpg 300w, https:\/\/www.kasolomouc.cz\/wp-content\/uploads\/2021\/06\/michal2-768x576.jpg 768w\" sizes=\"auto, (max-width: 1024px) 100vw, 1024px\" \/><\/p>\n<p>&nbsp;<\/p>\n","protected":false},"excerpt":{"rendered":"<p>Atletick\u00e9 kluby a odd\u00edly Krajsk\u00e9ho atletick\u00e9ho svazu Olomouc se i letos zapojily do celorepublikov\u00e9 akce Atleti spolu &#8211; Den s \u010deskou atletikou. V r\u00e1mci projektu Atleti spolu se z\u00e1vodilo na 253 m\u00edstech na\u0161\u00ed zem\u011b a atletick\u00fdch kl\u00e1n\u00ed a ud\u00e1lost\u00ed se z\u00fa\u010dastnilo p\u0159es 22 tis\u00edc p\u0159\u00edznivc\u016f atletiky.<\/p>\n","protected":false},"author":3,"featured_media":0,"comment_status":"closed","ping_status":"closed","sticky":false,"template":"","format":"standard","meta":{"footnotes":""},"categories":[1],"tags":[],"class_list":["entry","author-robert","has-more-link","post-1262","post","type-post","status-publish","format-standard","category-aktualne"],"_links":{"self":[{"href":"https:\/\/www.kasolomouc.cz\/index.php\/wp-json\/wp\/v2\/posts\/1262","targetHints":{"allow":["GET"]}}],"collection":[{"href":"https:\/\/www.kasolomouc.cz\/index.php\/wp-json\/wp\/v2\/posts"}],"about":[{"href":"https:\/\/www.kasolomouc.cz\/index.php\/wp-json\/wp\/v2\/types\/post"}],"author":[{"embeddable":true,"href":"https:\/\/www.kasolomouc.cz\/index.php\/wp-json\/wp\/v2\/users\/3"}],"replies":[{"embeddable":true,"href":"https:\/\/www.kasolomouc.cz\/index.php\/wp-json\/wp\/v2\/comments?post=1262"}],"version-history":[{"count":4,"href":"https:\/\/www.kasolomouc.cz\/index.php\/wp-json\/wp\/v2\/posts\/1262\/revisions"}],"predecessor-version":[{"id":1280,"href":"https:\/\/www.kasolomouc.cz\/index.php\/wp-json\/wp\/v2\/posts\/1262\/revisions\/1280"}],"wp:attachment":[{"href":"https:\/\/www.kasolomouc.cz\/index.php\/wp-json\/wp\/v2\/media?parent=1262"}],"wp:term":[{"taxonomy":"category","embeddable":true,"href":"https:\/\/www.kasolomouc.cz\/index.php\/wp-json\/wp\/v2\/categories?post=1262"},{"taxonomy":"post_tag","embeddable":true,"href":"https:\/\/www.kasolomouc.cz\/index.php\/wp-json\/wp\/v2\/tags?post=1262"}],"curies":[{"name":"wp","href":"https:\/\/api.w.org\/{rel}","templated":true}]}}