{"id":1167,"date":"2021-02-05T06:09:30","date_gmt":"2021-02-05T06:09:30","guid":{"rendered":"http:\/\/www.kasolomouc.cz\/?p=1167"},"modified":"2021-02-05T06:11:45","modified_gmt":"2021-02-05T06:11:45","slug":"stafeta-olomouckeho-kraje-na-czech-indoor-gala","status":"publish","type":"post","link":"https:\/\/www.kasolomouc.cz\/index.php\/2021\/02\/05\/stafeta-olomouckeho-kraje-na-czech-indoor-gala\/","title":{"rendered":"\u0160tafeta Olomouck\u00e9ho kraje na Czech Indoor Gala"},"content":{"rendered":"<p>V hlavn\u00edm programu na nejv\u011bt\u0161\u00edm dom\u00e1c\u00edm halov\u00e9m m\u00edtinku Czech Indoor Gala se uskute\u010dnil tak\u00e9 ji\u017e tradi\u010dn\u00ed z\u00e1vod krajsk\u00fdch sm\u00ed\u0161en\u00fdch \u0161tafet junior\u016f a juniorek na 4&#215;400 metr\u016f. Kdo n\u00e1s reprezentoval a jak si na\u0161e \u0161tafeta vedla naleznete v p\u0159\u00edsp\u011bvku.<!--more--><\/p>\n<p>Olomouck\u00fd kraj reprezentovali <strong>Ben Jakob<\/strong>\u00a0(AK Olomouc), <strong>Jakub Gr\u00e9gr<\/strong> (AK \u0160ternberk), <strong>Ad\u00e9la Dost\u00e1lov\u00e1<\/strong> (SK Hranice) a <strong>Ludmila H\u0159eb\u00ed\u010dkov\u00e1<\/strong>\u00a0(AK \u0160ternberk). \u0160tafeta Olomouck\u00e9ho kraje zab\u011bhla \u010das 3:48,52 a skon\u010dila na 3. m\u00edst\u011b.<\/p>\n<p>Gratulujeme a d\u011bkujeme za vzornou reprezentaci Olomouck\u00e9ho kraje.<\/p>\n<p><img loading=\"lazy\" decoding=\"async\" class=\"aligncenter size-large wp-image-1168\" src=\"http:\/\/www.kasolomouc.cz\/wp-content\/uploads\/2021\/02\/Photo-02.02.2021-9-04-48-1024x1021.jpg\" alt=\"\" width=\"1024\" height=\"1021\" srcset=\"https:\/\/www.kasolomouc.cz\/wp-content\/uploads\/2021\/02\/Photo-02.02.2021-9-04-48-1024x1021.jpg 1024w, https:\/\/www.kasolomouc.cz\/wp-content\/uploads\/2021\/02\/Photo-02.02.2021-9-04-48-150x150.jpg 150w, https:\/\/www.kasolomouc.cz\/wp-content\/uploads\/2021\/02\/Photo-02.02.2021-9-04-48-300x300.jpg 300w, https:\/\/www.kasolomouc.cz\/wp-content\/uploads\/2021\/02\/Photo-02.02.2021-9-04-48-768x766.jpg 768w, https:\/\/www.kasolomouc.cz\/wp-content\/uploads\/2021\/02\/Photo-02.02.2021-9-04-48.jpg 1170w\" sizes=\"auto, (max-width: 1024px) 100vw, 1024px\" \/><\/p>\n","protected":false},"excerpt":{"rendered":"<p>V hlavn\u00edm programu na nejv\u011bt\u0161\u00edm dom\u00e1c\u00edm halov\u00e9m m\u00edtinku Czech Indoor Gala se uskute\u010dnil tak\u00e9 ji\u017e tradi\u010dn\u00ed z\u00e1vod krajsk\u00fdch sm\u00ed\u0161en\u00fdch \u0161tafet junior\u016f a juniorek na 4&#215;400 metr\u016f. Kdo n\u00e1s reprezentoval a jak si na\u0161e \u0161tafeta vedla naleznete v p\u0159\u00edsp\u011bvku.<\/p>\n","protected":false},"author":3,"featured_media":1168,"comment_status":"closed","ping_status":"closed","sticky":false,"template":"","format":"standard","meta":{"footnotes":""},"categories":[1],"tags":[],"class_list":["entry","author-robert","has-more-link","post-1167","post","type-post","status-publish","format-standard","has-post-thumbnail","category-aktualne"],"_links":{"self":[{"href":"https:\/\/www.kasolomouc.cz\/index.php\/wp-json\/wp\/v2\/posts\/1167","targetHints":{"allow":["GET"]}}],"collection":[{"href":"https:\/\/www.kasolomouc.cz\/index.php\/wp-json\/wp\/v2\/posts"}],"about":[{"href":"https:\/\/www.kasolomouc.cz\/index.php\/wp-json\/wp\/v2\/types\/post"}],"author":[{"embeddable":true,"href":"https:\/\/www.kasolomouc.cz\/index.php\/wp-json\/wp\/v2\/users\/3"}],"replies":[{"embeddable":true,"href":"https:\/\/www.kasolomouc.cz\/index.php\/wp-json\/wp\/v2\/comments?post=1167"}],"version-history":[{"count":2,"href":"https:\/\/www.kasolomouc.cz\/index.php\/wp-json\/wp\/v2\/posts\/1167\/revisions"}],"predecessor-version":[{"id":1170,"href":"https:\/\/www.kasolomouc.cz\/index.php\/wp-json\/wp\/v2\/posts\/1167\/revisions\/1170"}],"wp:featuredmedia":[{"embeddable":true,"href":"https:\/\/www.kasolomouc.cz\/index.php\/wp-json\/wp\/v2\/media\/1168"}],"wp:attachment":[{"href":"https:\/\/www.kasolomouc.cz\/index.php\/wp-json\/wp\/v2\/media?parent=1167"}],"wp:term":[{"taxonomy":"category","embeddable":true,"href":"https:\/\/www.kasolomouc.cz\/index.php\/wp-json\/wp\/v2\/categories?post=1167"},{"taxonomy":"post_tag","embeddable":true,"href":"https:\/\/www.kasolomouc.cz\/index.php\/wp-json\/wp\/v2\/tags?post=1167"}],"curies":[{"name":"wp","href":"https:\/\/api.w.org\/{rel}","templated":true}]}}