{"id":1053,"date":"2020-11-04T10:50:58","date_gmt":"2020-11-04T10:50:58","guid":{"rendered":"http:\/\/www.kasolomouc.cz\/?p=1053"},"modified":"2021-02-07T10:22:51","modified_gmt":"2021-02-07T10:22:51","slug":"nejuspesnejsi-atleti-kas-olomouc-2020","status":"publish","type":"post","link":"https:\/\/www.kasolomouc.cz\/index.php\/2020\/11\/04\/nejuspesnejsi-atleti-kas-olomouc-2020\/","title":{"rendered":"Nej\u00fasp\u011b\u0161n\u011bj\u0161\u00ed atleti KAS Olomouc 2020"},"content":{"rendered":"<p>Krajsk\u00fd atletick\u00fd svaz Olomouc ka\u017edoro\u010dn\u011b vyhla\u0161uje a oce\u0148uje nej\u00fasp\u011b\u0161n\u011bj\u0161\u00ed atlety za uplynulou sezonu v kategori\u00edch \u017eactva a dorostu. V roce 2020 se celkem 8 atlet\u016f a atletek v t\u011bchto kategori\u00edch stalo Mistry \u010cR na dr\u00e1ze \u010di v hale a jsou tedy na\u0161imi nej\u00fasp\u011b\u0161n\u011bj\u0161\u00edmi. V p\u0159\u00edsp\u011bvku naleznete, kte\u0159\u00ed atleti to jsou a jejich nejv\u011bt\u0161\u00ed leto\u0161n\u00ed \u00fasp\u011bchy&#8230;<!--more--><\/p>\n<p><strong>Kategorie dorost<\/strong><\/p>\n<p><strong>Vojt\u011bch Hor\u00e1k (AK Olomouc)<\/strong><\/p>\n<ul>\n<li>1. m\u00edsto M\u010cR dorostu na dr\u00e1ze &#8211; 100 m (10,81s.)<\/li>\n<\/ul>\n<p><img loading=\"lazy\" decoding=\"async\" class=\"aligncenter size-large wp-image-1054\" src=\"http:\/\/www.kasolomouc.cz\/wp-content\/uploads\/2020\/11\/hor\u00e1k-1024x683.jpg\" alt=\"\" width=\"1024\" height=\"683\" srcset=\"https:\/\/www.kasolomouc.cz\/wp-content\/uploads\/2020\/11\/hor\u00e1k-1024x683.jpg 1024w, https:\/\/www.kasolomouc.cz\/wp-content\/uploads\/2020\/11\/hor\u00e1k-300x200.jpg 300w, https:\/\/www.kasolomouc.cz\/wp-content\/uploads\/2020\/11\/hor\u00e1k-768x512.jpg 768w, https:\/\/www.kasolomouc.cz\/wp-content\/uploads\/2020\/11\/hor\u00e1k.jpg 1500w\" sizes=\"auto, (max-width: 1024px) 100vw, 1024px\" \/><\/p>\n<p><strong>Luk\u00e1\u0161 Vajda (TJ \u0160umperk)<\/strong><\/p>\n<ul>\n<li>1. m\u00edsto M\u010cR dorostu v hale &#8211; skok do v\u00fd\u0161ky (200cm)<\/li>\n<\/ul>\n<p><img loading=\"lazy\" decoding=\"async\" class=\"aligncenter size-large wp-image-1055\" src=\"http:\/\/www.kasolomouc.cz\/wp-content\/uploads\/2020\/11\/vajda-1024x855.jpg\" alt=\"\" width=\"1024\" height=\"855\" srcset=\"https:\/\/www.kasolomouc.cz\/wp-content\/uploads\/2020\/11\/vajda-1024x855.jpg 1024w, https:\/\/www.kasolomouc.cz\/wp-content\/uploads\/2020\/11\/vajda-300x250.jpg 300w, https:\/\/www.kasolomouc.cz\/wp-content\/uploads\/2020\/11\/vajda-768x641.jpg 768w, https:\/\/www.kasolomouc.cz\/wp-content\/uploads\/2020\/11\/vajda.jpg 1450w\" sizes=\"auto, (max-width: 1024px) 100vw, 1024px\" \/><\/p>\n<p><strong>Eva Kub\u00ed\u010dkov\u00e1 (AK Olomouc)<\/strong><\/p>\n<ul>\n<li>1. m\u00edsto M\u010cR dorostu na dr\u00e1ze &#8211; 100m (11,82s.)<\/li>\n<li>1. m\u00edsto M\u010cR dorostu na dr\u00e1ze &#8211; 100m p\u0159. (13,40s.)<\/li>\n<li>1. m\u00edsto M\u010cR dorostu v hale &#8211; 60m p\u0159. (8,37s.)<\/li>\n<\/ul>\n<p><img loading=\"lazy\" decoding=\"async\" class=\"size-large wp-image-1056 aligncenter\" src=\"http:\/\/www.kasolomouc.cz\/wp-content\/uploads\/2020\/11\/kub\u00ed\u010dkov\u00e1-782x1024.jpg\" alt=\"\" width=\"782\" height=\"1024\" srcset=\"https:\/\/www.kasolomouc.cz\/wp-content\/uploads\/2020\/11\/kub\u00ed\u010dkov\u00e1-782x1024.jpg 782w, https:\/\/www.kasolomouc.cz\/wp-content\/uploads\/2020\/11\/kub\u00ed\u010dkov\u00e1-229x300.jpg 229w, https:\/\/www.kasolomouc.cz\/wp-content\/uploads\/2020\/11\/kub\u00ed\u010dkov\u00e1-768x1006.jpg 768w, https:\/\/www.kasolomouc.cz\/wp-content\/uploads\/2020\/11\/kub\u00ed\u010dkov\u00e1.jpg 1000w\" sizes=\"auto, (max-width: 782px) 100vw, 782px\" \/><\/p>\n<p><strong>Iva Gieselov\u00e1 (TJ \u0160umperk)<\/strong><\/p>\n<ul>\n<li>1. m\u00edsto M\u010cR dorostu na dr\u00e1ze &#8211; 2000m p\u0159. (6:58,17 min.)<\/li>\n<li>1. m\u00edsto M\u010cR dorostu na dr\u00e1ze &#8211; 3000m (10:04,32 min.)<\/li>\n<\/ul>\n<p><img loading=\"lazy\" decoding=\"async\" class=\"size-full wp-image-1057 aligncenter\" src=\"http:\/\/www.kasolomouc.cz\/wp-content\/uploads\/2020\/11\/gieselov\u00e1.jpg\" alt=\"\" width=\"541\" height=\"1003\" srcset=\"https:\/\/www.kasolomouc.cz\/wp-content\/uploads\/2020\/11\/gieselov\u00e1.jpg 541w, https:\/\/www.kasolomouc.cz\/wp-content\/uploads\/2020\/11\/gieselov\u00e1-162x300.jpg 162w\" sizes=\"auto, (max-width: 541px) 100vw, 541px\" \/><\/p>\n<p><strong>Kategorie \u017eactvo<\/strong><\/p>\n<p><strong>Alois H\u0159eb\u00ed\u010dek (AK \u0160ternberk)<\/strong><\/p>\n<ul>\n<li>1. m\u00edsto M\u010cR \u017eactva na dr\u00e1ze &#8211; 1500m p\u0159. (4:26,01 min.)<\/li>\n<li>1. m\u00edsto M\u010c\u0158 \u017eactva v hale &#8211; 800m (2:02,97 min.)<\/li>\n<\/ul>\n<p><img loading=\"lazy\" decoding=\"async\" class=\"size-large wp-image-1058 aligncenter\" src=\"http:\/\/www.kasolomouc.cz\/wp-content\/uploads\/2020\/11\/h\u0159eb\u00ed\u010dek-560x1024.jpg\" alt=\"\" width=\"560\" height=\"1024\" srcset=\"https:\/\/www.kasolomouc.cz\/wp-content\/uploads\/2020\/11\/h\u0159eb\u00ed\u010dek-560x1024.jpg 560w, https:\/\/www.kasolomouc.cz\/wp-content\/uploads\/2020\/11\/h\u0159eb\u00ed\u010dek-164x300.jpg 164w, https:\/\/www.kasolomouc.cz\/wp-content\/uploads\/2020\/11\/h\u0159eb\u00ed\u010dek-768x1404.jpg 768w, https:\/\/www.kasolomouc.cz\/wp-content\/uploads\/2020\/11\/h\u0159eb\u00ed\u010dek.jpg 919w\" sizes=\"auto, (max-width: 560px) 100vw, 560px\" \/><\/p>\n<p><strong>Martina Mazurov\u00e1 (AK Olomouc)<\/strong><\/p>\n<ul>\n<li>1. m\u00edsto M\u010cR \u017eactva na dr\u00e1ze &#8211; vrh koul\u00ed (14,64 m.)<\/li>\n<li>1. m\u00edsto M\u010cR \u017eactva na dr\u00e1ze &#8211; hod diskem (42,04 m.)<\/li>\n<li>1. m\u00edsto M\u010cR \u017eactva v hale &#8211; vrh koul\u00ed (13,87 m.)<\/li>\n<\/ul>\n<p><img loading=\"lazy\" decoding=\"async\" class=\"size-large wp-image-1059 aligncenter\" src=\"http:\/\/www.kasolomouc.cz\/wp-content\/uploads\/2020\/11\/mazurov\u00e1-618x1024.jpg\" alt=\"\" width=\"618\" height=\"1024\" srcset=\"https:\/\/www.kasolomouc.cz\/wp-content\/uploads\/2020\/11\/mazurov\u00e1-618x1024.jpg 618w, https:\/\/www.kasolomouc.cz\/wp-content\/uploads\/2020\/11\/mazurov\u00e1-181x300.jpg 181w, https:\/\/www.kasolomouc.cz\/wp-content\/uploads\/2020\/11\/mazurov\u00e1-768x1273.jpg 768w, https:\/\/www.kasolomouc.cz\/wp-content\/uploads\/2020\/11\/mazurov\u00e1.jpg 869w\" sizes=\"auto, (max-width: 618px) 100vw, 618px\" \/><\/p>\n<p><strong>Ema Klimentov\u00e1 (AK \u0160ternberk)<\/strong><\/p>\n<ul>\n<li>1. m\u00edsto M\u010cR \u017eactva v hale &#8211; ch\u016fze (15:44,83 min.)<\/li>\n<\/ul>\n<p><img loading=\"lazy\" decoding=\"async\" class=\"size-large wp-image-1060 aligncenter\" src=\"http:\/\/www.kasolomouc.cz\/wp-content\/uploads\/2020\/11\/klimentov\u00e1-949x1024.jpg\" alt=\"\" width=\"949\" height=\"1024\" srcset=\"https:\/\/www.kasolomouc.cz\/wp-content\/uploads\/2020\/11\/klimentov\u00e1-949x1024.jpg 949w, https:\/\/www.kasolomouc.cz\/wp-content\/uploads\/2020\/11\/klimentov\u00e1-278x300.jpg 278w, https:\/\/www.kasolomouc.cz\/wp-content\/uploads\/2020\/11\/klimentov\u00e1-768x829.jpg 768w, https:\/\/www.kasolomouc.cz\/wp-content\/uploads\/2020\/11\/klimentov\u00e1.jpg 1541w\" sizes=\"auto, (max-width: 949px) 100vw, 949px\" \/><\/p>\n<p><strong>Kate\u0159ina \u010cernock\u00e1 (AK \u0160ternberk)<\/strong><\/p>\n<ul>\n<li>1. m\u00edsto M\u010cR \u017eactva na dr\u00e1ze &#8211; skok do v\u00fd\u0161ky (168 cm)<\/li>\n<\/ul>\n<p><img loading=\"lazy\" decoding=\"async\" class=\"alignleft size-large wp-image-1061\" src=\"http:\/\/www.kasolomouc.cz\/wp-content\/uploads\/2020\/11\/\u010dernock\u00e1-686x1024.jpg\" alt=\"\" width=\"686\" height=\"1024\" srcset=\"https:\/\/www.kasolomouc.cz\/wp-content\/uploads\/2020\/11\/\u010dernock\u00e1-686x1024.jpg 686w, https:\/\/www.kasolomouc.cz\/wp-content\/uploads\/2020\/11\/\u010dernock\u00e1-201x300.jpg 201w, https:\/\/www.kasolomouc.cz\/wp-content\/uploads\/2020\/11\/\u010dernock\u00e1-768x1147.jpg 768w, https:\/\/www.kasolomouc.cz\/wp-content\/uploads\/2020\/11\/\u010dernock\u00e1.jpg 1125w\" sizes=\"auto, (max-width: 686px) 100vw, 686px\" \/><\/p>\n","protected":false},"excerpt":{"rendered":"<p>Krajsk\u00fd atletick\u00fd svaz Olomouc ka\u017edoro\u010dn\u011b vyhla\u0161uje a oce\u0148uje nej\u00fasp\u011b\u0161n\u011bj\u0161\u00ed atlety za uplynulou sezonu v kategori\u00edch \u017eactva a dorostu. V roce 2020 se celkem 8 atlet\u016f a atletek v t\u011bchto kategori\u00edch stalo Mistry \u010cR na dr\u00e1ze \u010di v hale a jsou tedy na\u0161imi nej\u00fasp\u011b\u0161n\u011bj\u0161\u00edmi. V p\u0159\u00edsp\u011bvku naleznete, kte\u0159\u00ed atleti to jsou a jejich nejv\u011bt\u0161\u00ed leto\u0161n\u00ed \u00fasp\u011bchy&#8230;<\/p>\n","protected":false},"author":3,"featured_media":863,"comment_status":"closed","ping_status":"closed","sticky":false,"template":"","format":"standard","meta":{"footnotes":""},"categories":[1],"tags":[],"class_list":["entry","author-robert","has-more-link","post-1053","post","type-post","status-publish","format-standard","has-post-thumbnail","category-aktualne"],"_links":{"self":[{"href":"https:\/\/www.kasolomouc.cz\/index.php\/wp-json\/wp\/v2\/posts\/1053","targetHints":{"allow":["GET"]}}],"collection":[{"href":"https:\/\/www.kasolomouc.cz\/index.php\/wp-json\/wp\/v2\/posts"}],"about":[{"href":"https:\/\/www.kasolomouc.cz\/index.php\/wp-json\/wp\/v2\/types\/post"}],"author":[{"embeddable":true,"href":"https:\/\/www.kasolomouc.cz\/index.php\/wp-json\/wp\/v2\/users\/3"}],"replies":[{"embeddable":true,"href":"https:\/\/www.kasolomouc.cz\/index.php\/wp-json\/wp\/v2\/comments?post=1053"}],"version-history":[{"count":22,"href":"https:\/\/www.kasolomouc.cz\/index.php\/wp-json\/wp\/v2\/posts\/1053\/revisions"}],"predecessor-version":[{"id":1171,"href":"https:\/\/www.kasolomouc.cz\/index.php\/wp-json\/wp\/v2\/posts\/1053\/revisions\/1171"}],"wp:featuredmedia":[{"embeddable":true,"href":"https:\/\/www.kasolomouc.cz\/index.php\/wp-json\/wp\/v2\/media\/863"}],"wp:attachment":[{"href":"https:\/\/www.kasolomouc.cz\/index.php\/wp-json\/wp\/v2\/media?parent=1053"}],"wp:term":[{"taxonomy":"category","embeddable":true,"href":"https:\/\/www.kasolomouc.cz\/index.php\/wp-json\/wp\/v2\/categories?post=1053"},{"taxonomy":"post_tag","embeddable":true,"href":"https:\/\/www.kasolomouc.cz\/index.php\/wp-json\/wp\/v2\/tags?post=1053"}],"curies":[{"name":"wp","href":"https:\/\/api.w.org\/{rel}","templated":true}]}}