{"id":1047,"date":"2020-10-29T08:03:23","date_gmt":"2020-10-29T08:03:23","guid":{"rendered":"http:\/\/www.kasolomouc.cz\/?p=1047"},"modified":"2020-10-29T08:06:57","modified_gmt":"2020-10-29T08:06:57","slug":"skoleni-rozhodcich-3-tridy-3","status":"publish","type":"post","link":"https:\/\/www.kasolomouc.cz\/index.php\/2020\/10\/29\/skoleni-rozhodcich-3-tridy-3\/","title":{"rendered":"\u0160kolen\u00ed rozhod\u010d\u00edch 3. t\u0159\u00eddy 12.12. 2020"},"content":{"rendered":"<div>Dne 12. 12. 2020 se bude v Olomouci od 9:00 hod konat \u0161kolen\u00ed rozhod\u010d\u00edch 3.t\u0159\u00eddy. \u0160kolen\u00ed je ur\u010deno pro z\u00e1jemce, kte\u0159\u00ed dovr\u0161\u00ed v roce 2021 \u0161estn\u00e1ct let (rok narozen\u00ed 2005) a star\u0161\u00ed. V p\u0159\u00edpad\u011b opat\u0159en\u00ed omezuj\u00edc\u00edch hromadn\u00e9 akce se \u0161kolen\u00ed bude konat on-line. V\u00edce informac\u00ed ohledn\u011b \u0161kolen\u00ed a odkaz na p\u0159ihla\u0161ov\u00e1n\u00ed naleznete v p\u0159\u00edsp\u011bvku.<\/div>\n<p><!--more--><\/p>\n<p>P\u0159ihla\u0161ov\u00e1n\u00ed prob\u00edh\u00e1 p\u0159es webov\u00e9 str\u00e1nky \u010cAS:\u00a0<a class=\"-wm-moz-txt-link-freetext\" href=\"https:\/\/www.atletika.cz\/clenska-sekce\/rozhodci\/skoleni\/\" target=\"_blank\" rel=\"noopener\">https:\/\/www.atletika.cz\/clenska-sekce\/rozhodci\/skoleni\/<\/a>. P\u0159ihl\u00e1\u0161en\u00ed je mo\u017en\u00e9 do 7. 12. 2020,\u00a0 p\u0159\u00edpadn\u00e9 ot\u00e1zky ke \u0161kolen\u00ed pos\u00edlejte na email:\u00a0<a class=\"-wm-moz-txt-link-abbreviated\" href=\"mailto:pudilova1@post.cz\" target=\"_blank\" rel=\"noopener\">pudilova1@post.cz<\/a>.<\/p>\n","protected":false},"excerpt":{"rendered":"<p>Dne 12. 12. 2020 se bude v Olomouci od 9:00 hod konat \u0161kolen\u00ed rozhod\u010d\u00edch 3.t\u0159\u00eddy. \u0160kolen\u00ed je ur\u010deno pro z\u00e1jemce, kte\u0159\u00ed dovr\u0161\u00ed v roce 2021 \u0161estn\u00e1ct let (rok narozen\u00ed 2005) a star\u0161\u00ed. V p\u0159\u00edpad\u011b opat\u0159en\u00ed omezuj\u00edc\u00edch hromadn\u00e9 akce se \u0161kolen\u00ed bude konat on-line. V\u00edce informac\u00ed ohledn\u011b \u0161kolen\u00ed a odkaz na p\u0159ihla\u0161ov\u00e1n\u00ed naleznete v p\u0159\u00edsp\u011bvku.<\/p>\n","protected":false},"author":3,"featured_media":863,"comment_status":"closed","ping_status":"closed","sticky":false,"template":"","format":"standard","meta":{"footnotes":""},"categories":[1],"tags":[],"class_list":["entry","author-robert","has-more-link","post-1047","post","type-post","status-publish","format-standard","has-post-thumbnail","category-aktualne"],"_links":{"self":[{"href":"https:\/\/www.kasolomouc.cz\/index.php\/wp-json\/wp\/v2\/posts\/1047","targetHints":{"allow":["GET"]}}],"collection":[{"href":"https:\/\/www.kasolomouc.cz\/index.php\/wp-json\/wp\/v2\/posts"}],"about":[{"href":"https:\/\/www.kasolomouc.cz\/index.php\/wp-json\/wp\/v2\/types\/post"}],"author":[{"embeddable":true,"href":"https:\/\/www.kasolomouc.cz\/index.php\/wp-json\/wp\/v2\/users\/3"}],"replies":[{"embeddable":true,"href":"https:\/\/www.kasolomouc.cz\/index.php\/wp-json\/wp\/v2\/comments?post=1047"}],"version-history":[{"count":2,"href":"https:\/\/www.kasolomouc.cz\/index.php\/wp-json\/wp\/v2\/posts\/1047\/revisions"}],"predecessor-version":[{"id":1049,"href":"https:\/\/www.kasolomouc.cz\/index.php\/wp-json\/wp\/v2\/posts\/1047\/revisions\/1049"}],"wp:featuredmedia":[{"embeddable":true,"href":"https:\/\/www.kasolomouc.cz\/index.php\/wp-json\/wp\/v2\/media\/863"}],"wp:attachment":[{"href":"https:\/\/www.kasolomouc.cz\/index.php\/wp-json\/wp\/v2\/media?parent=1047"}],"wp:term":[{"taxonomy":"category","embeddable":true,"href":"https:\/\/www.kasolomouc.cz\/index.php\/wp-json\/wp\/v2\/categories?post=1047"},{"taxonomy":"post_tag","embeddable":true,"href":"https:\/\/www.kasolomouc.cz\/index.php\/wp-json\/wp\/v2\/tags?post=1047"}],"curies":[{"name":"wp","href":"https:\/\/api.w.org\/{rel}","templated":true}]}}