{"id":1001,"date":"2020-07-29T06:01:19","date_gmt":"2020-07-29T06:01:19","guid":{"rendered":"http:\/\/www.kasolomouc.cz\/?p=1001"},"modified":"2020-07-29T06:01:19","modified_gmt":"2020-07-29T06:01:19","slug":"doporuceni-zdravotni-sekce-trenerske-rady-cas-k-pripadnemu-kontaktu-s-pozitivne-testovanymi-osobami-covid-19","status":"publish","type":"post","link":"https:\/\/www.kasolomouc.cz\/index.php\/2020\/07\/29\/doporuceni-zdravotni-sekce-trenerske-rady-cas-k-pripadnemu-kontaktu-s-pozitivne-testovanymi-osobami-covid-19\/","title":{"rendered":"Doporu\u010den\u00ed zdravotn\u00ed sekce tren\u00e9rsk\u00e9 rady \u010cAS k p\u0159\u00edpadn\u00e9mu kontaktu s pozitivn\u011b testovan\u00fdmi osobami COVID-19"},"content":{"rendered":"<p style=\"text-align: left;\" align=\"center\"><strong>Doporu\u010den\u00ed zdravotn\u00ed sekce tren\u00e9rsk\u00e9 rady \u010das k\u00a0p\u0159\u00edpadn\u00e9mu kontaktu s\u00a0pozitivn\u011b testovan\u00fdmi osobami na covid-19<\/strong><\/p>\n<p>Zdravotn\u00ed sekce Tren\u00e9rsk\u00e9 rady \u010cASu doporu\u010duje v\u0161em \u00fa\u010dastn\u00edk\u016fm atletick\u00fdch sout\u011b\u017e\u00ed, aby v\u00a0p\u0159\u00edpad\u011b, \u017ee v\u00a0jejich okol\u00ed se vyskytla osoba, kter\u00e1 onemocn\u011bla Covid\u201319, nebo kter\u00e1 byla pozitivn\u011b testov\u00e1na na Covid-19, aby postupovali n\u00ed\u017ee uveden\u00fdm zp\u016fsobem.<!--more--><\/p>\n<p><strong>Postup p\u0159i kontaktu s\u00a0pozitivn\u011b testovanou osobou na Covid-19<\/strong><\/p>\n<ol>\n<li><strong>1.\u00a0\u00a0\u00a0\u00a0\u00a0\u00a0<\/strong><strong>Nep\u0159\u00edm\u00fd kontakt<\/strong><\/li>\n<\/ol>\n<p>Pokud jste nebyli s\u00a0pozitivn\u011b testovanou osobou na Covid \u2013 19 v\u00a0p\u0159\u00edm\u00e9m kontaktu (nap\u0159. pobyt v\u00a0uzav\u0159en\u00fdch prostor\u00e1ch d\u00e9le ne\u017e 15 minut) v\u00a0posledn\u00edch 14 dnech a nebyla na V\u00e1s uvalena karant\u00e9na, doporu\u010dujeme, abyste v\u00a0p\u0159\u00edpad\u011b \u00fa\u010dasti na atletick\u00e9 sout\u011b\u017ei p\u0159edlo\u017eili po\u0159adateli ihned po p\u0159\u00edchodu vypln\u011bn\u00e9 a podepsan\u00e9 \u010destn\u00e9 prohl\u00e1\u0161en\u00ed \u2013 formul\u00e1\u0159 \u010destn\u00e9ho prohl\u00e1\u0161en\u00ed je v\u00a0p\u0159ilo\u017een\u00e9m souboru.<\/p>\n<ol>\n<li><strong>2.\u00a0\u00a0\u00a0\u00a0\u00a0\u00a0<\/strong><strong>P\u0159\u00edm\u00fd kontakt<\/strong><\/li>\n<\/ol>\n<p>Pokud jste byli s\u00a0pozitivn\u011b testovanou osobou na Covid-19 v\u00a0p\u0159\u00edm\u00e9m kontaktu v\u00a0posledn\u00edch 14 dnech a nebyla V\u00e1m na\u0159\u00edzena hygienickou stanic\u00ed karant\u00e9na, doporu\u010dujeme absolvov\u00e1n\u00ed testu na Covid-19, aby se minimalizovalo \u0161\u00ed\u0159en\u00ed t\u00e9to nemoci s\u00a0t\u00edm, \u017ee v\u00fdsledek testu by nem\u011bl b\u00fdt star\u0161\u00ed ne\u017e 48 hodin od za\u010d\u00e1tku z\u00e1vodu.<\/p>\n<p>V\u0161echny atletick\u00e9 odd\u00edly, v\u00a0jejich\u017e \u0159ad\u00e1ch se vyskytne p\u0159\u00edpad onemocn\u011bn\u00ed, nebo pozitivn\u00edho testov\u00e1n\u00ed na Covid\u201319 \u017e\u00e1d\u00e1me, aby o t\u00e9to skute\u010dnosti neprodlen\u011b informovaly p\u0159\u00edslu\u0161n\u00e9 hygienick\u00e9 stanice \u2013 viz\u00a0<a href=\"https:\/\/koronavirus.mzcr.cz\/dulezite-kontakty-odkazy\/\">https:\/\/koronavirus.mzcr.cz\/dulezite-kontakty-odkazy\/<\/a>\u00a0a zaslali tuto informaci e mailem na \u010cesk\u00fd atletick\u00fd svaz\u00a0<a href=\"mailto:atletika@atletika.cz\">atletika@atletika.cz<\/a>\u00a0a po\u0159adatele sout\u011b\u017e\u00ed, kter\u00fdch se jejich \u010dlenov\u00e9 v\u00a0nejbli\u017e\u0161\u00edch 14 dnech z\u00fa\u010dastn\u00ed.<\/p>\n<p>Bli\u017e\u0161\u00ed info aktu\u00e1ln\u00ed situaci a opat\u0159en\u00edch v\u00a0souvislosti s\u00a0Covid\u201319 na\u00a0<a href=\"https:\/\/koronavirus.mzcr.cz\/\">https:\/\/koronavirus.mzcr.cz\/<\/a><\/p>\n<p>V\u00edce info tak\u00e9 na webu <a href=\"https:\/\/www.atletika.cz\/cas-informuje\/doporuceni-zdravotni-sekce-trenerske-rady-cas-k-pr\/\">\u010cAS.<\/a><\/p>\n","protected":false},"excerpt":{"rendered":"<p>Doporu\u010den\u00ed zdravotn\u00ed sekce tren\u00e9rsk\u00e9 rady \u010das k\u00a0p\u0159\u00edpadn\u00e9mu kontaktu s\u00a0pozitivn\u011b testovan\u00fdmi osobami na covid-19 Zdravotn\u00ed sekce Tren\u00e9rsk\u00e9 rady \u010cASu doporu\u010duje v\u0161em \u00fa\u010dastn\u00edk\u016fm atletick\u00fdch sout\u011b\u017e\u00ed, aby v\u00a0p\u0159\u00edpad\u011b, \u017ee v\u00a0jejich okol\u00ed se vyskytla osoba, kter\u00e1 onemocn\u011bla Covid\u201319, nebo kter\u00e1 byla pozitivn\u011b testov\u00e1na na Covid-19, aby postupovali n\u00ed\u017ee uveden\u00fdm zp\u016fsobem.<\/p>\n","protected":false},"author":3,"featured_media":0,"comment_status":"closed","ping_status":"closed","sticky":false,"template":"","format":"standard","meta":{"footnotes":""},"categories":[1],"tags":[],"class_list":["entry","author-robert","has-more-link","post-1001","post","type-post","status-publish","format-standard","category-aktualne"],"_links":{"self":[{"href":"https:\/\/www.kasolomouc.cz\/index.php\/wp-json\/wp\/v2\/posts\/1001","targetHints":{"allow":["GET"]}}],"collection":[{"href":"https:\/\/www.kasolomouc.cz\/index.php\/wp-json\/wp\/v2\/posts"}],"about":[{"href":"https:\/\/www.kasolomouc.cz\/index.php\/wp-json\/wp\/v2\/types\/post"}],"author":[{"embeddable":true,"href":"https:\/\/www.kasolomouc.cz\/index.php\/wp-json\/wp\/v2\/users\/3"}],"replies":[{"embeddable":true,"href":"https:\/\/www.kasolomouc.cz\/index.php\/wp-json\/wp\/v2\/comments?post=1001"}],"version-history":[{"count":1,"href":"https:\/\/www.kasolomouc.cz\/index.php\/wp-json\/wp\/v2\/posts\/1001\/revisions"}],"predecessor-version":[{"id":1002,"href":"https:\/\/www.kasolomouc.cz\/index.php\/wp-json\/wp\/v2\/posts\/1001\/revisions\/1002"}],"wp:attachment":[{"href":"https:\/\/www.kasolomouc.cz\/index.php\/wp-json\/wp\/v2\/media?parent=1001"}],"wp:term":[{"taxonomy":"category","embeddable":true,"href":"https:\/\/www.kasolomouc.cz\/index.php\/wp-json\/wp\/v2\/categories?post=1001"},{"taxonomy":"post_tag","embeddable":true,"href":"https:\/\/www.kasolomouc.cz\/index.php\/wp-json\/wp\/v2\/tags?post=1001"}],"curies":[{"name":"wp","href":"https:\/\/api.w.org\/{rel}","templated":true}]}}